{"id":121,"date":"2014-03-20T17:27:05","date_gmt":"2014-03-20T16:27:05","guid":{"rendered":"http:\/\/www.pck-krotoszyn.pl\/?p=121"},"modified":"2014-03-20T19:12:44","modified_gmt":"2014-03-20T18:12:44","slug":"wielkanoc-z-pck","status":"publish","type":"post","link":"http:\/\/www.pck-krotoszyn.pl\/?p=121","title":{"rendered":"WIELKANOC Z PCK"},"content":{"rendered":"<h2 style=\"text-align: center;\">wielkanoc z pck<\/h2>\n<p style=\"text-align: center;\">Jest to akcja organizowana ju\u017c od wielu lat przez Polski Czerwony Krzy\u017c. Ka\u017cdego roku cz\u0142onkowie, wolontariusze i pracownicy PCK prowadz\u0105 r\u00f3\u017cnorodne dzia\u0142ania, kt\u00f3rych celem jest pozyskanie pieni\u0119dzy i dar\u00f3w rzeczowych dla os\u00f3b wymagaj\u0105cych wsparcia w postaci paczek \u017cywno\u015bciowych. Kilka tygodni przed \u015bwi\u0119tami wielkanocnymi rozpoczynaj\u0105 si\u0119 kwesty, negocjacje z sponsorami oraz zbi\u00f3rki dar\u00f3w w hipermarketach.<\/p>\n<p style=\"text-align: center;\">W ramach &#8222;Wielkanocy z PCK&#8221; organizujemy:<\/p>\n<ul>\n<li style=\"text-align: center;\">Wydawanie paczek \u017cywno\u015bciowych w biurze PCK<\/li>\n<\/ul>\n","protected":false},"excerpt":{"rendered":"<p>wielkanoc z pck Jest to akcja organizowana ju\u017c od wielu lat przez Polski Czerwony Krzy\u017c. Ka\u017cdego roku cz\u0142onkowie, wolontariusze i pracownicy PCK prowadz\u0105 r\u00f3\u017cnorodne dzia\u0142ania, kt\u00f3rych celem jest pozyskanie pieni\u0119dzy i dar\u00f3w rzeczowych dla os\u00f3b wymagaj\u0105cych wsparcia w postaci paczek \u017cywno\u015bciowych. Kilka tygodni przed \u015bwi\u0119tami wielkanocnymi rozpoczynaj\u0105 si\u0119 kwesty, negocjacje z sponsorami oraz zbi\u00f3rki dar\u00f3w [&hellip;]<\/p>\n","protected":false},"author":1,"featured_media":0,"comment_status":"closed","ping_status":"open","sticky":false,"template":"","format":"standard","meta":{"_regular_price":[],"currency_symbol":[],"footnotes":""},"categories":[10],"tags":[],"class_list":["post-121","post","type-post","status-publish","format-standard","hentry","category-pomoc-socjalna-i-akcje"],"post_slider_layout_featured_media_urls":{"thumbnail":"","post_slider_layout_landscape_large":"","post_slider_layout_portrait_large":"","post_slider_layout_square_large":"","post_slider_layout_landscape":"","post_slider_layout_portrait":"","post_slider_layout_square":"","full":""},"_links":{"self":[{"href":"http:\/\/www.pck-krotoszyn.pl\/index.php?rest_route=\/wp\/v2\/posts\/121","targetHints":{"allow":["GET"]}}],"collection":[{"href":"http:\/\/www.pck-krotoszyn.pl\/index.php?rest_route=\/wp\/v2\/posts"}],"about":[{"href":"http:\/\/www.pck-krotoszyn.pl\/index.php?rest_route=\/wp\/v2\/types\/post"}],"author":[{"embeddable":true,"href":"http:\/\/www.pck-krotoszyn.pl\/index.php?rest_route=\/wp\/v2\/users\/1"}],"replies":[{"embeddable":true,"href":"http:\/\/www.pck-krotoszyn.pl\/index.php?rest_route=%2Fwp%2Fv2%2Fcomments&post=121"}],"version-history":[{"count":0,"href":"http:\/\/www.pck-krotoszyn.pl\/index.php?rest_route=\/wp\/v2\/posts\/121\/revisions"}],"wp:attachment":[{"href":"http:\/\/www.pck-krotoszyn.pl\/index.php?rest_route=%2Fwp%2Fv2%2Fmedia&parent=121"}],"wp:term":[{"taxonomy":"category","embeddable":true,"href":"http:\/\/www.pck-krotoszyn.pl\/index.php?rest_route=%2Fwp%2Fv2%2Fcategories&post=121"},{"taxonomy":"post_tag","embeddable":true,"href":"http:\/\/www.pck-krotoszyn.pl\/index.php?rest_route=%2Fwp%2Fv2%2Ftags&post=121"}],"curies":[{"name":"wp","href":"https:\/\/api.w.org\/{rel}","templated":true}]}}