{"id":1257,"date":"2021-01-29T16:38:43","date_gmt":"2021-01-29T15:38:43","guid":{"rendered":"http:\/\/www.pck-krotoszyn.pl\/?p=1257"},"modified":"2021-01-29T16:44:39","modified_gmt":"2021-01-29T15:44:39","slug":"rozlicz-1-z-pck","status":"publish","type":"post","link":"http:\/\/www.pck-krotoszyn.pl\/?p=1257","title":{"rendered":"ROZLICZ 1% Z PCK"},"content":{"rendered":"\r\n<figure class=\"wp-block-image size-large\"><img loading=\"lazy\" decoding=\"async\" width=\"150\" height=\"150\" class=\"wp-image-1258 alignright\" src=\"http:\/\/www.pck-krotoszyn.pl\/wp-content\/uploads\/2021\/01\/obraz.png\" alt=\"\" \/><\/figure>\r\n\r\n\r\n\r\n<p>Dzie\u0144 dobry,<\/p>\r\n\r\n\r\n\r\n<p>Oddzia\u0142 Rejonowy Polskiego Czerwonego Krzy\u017ca w Krotoszynie informuje, i\u017c otrzymali\u015bmy materia\u0142y graficzne do tegorocznej kampanii zwi\u0105zanej z 1%.<\/p>\r\n\r\n\r\n\r\n<p>Rok 2020 okaza\u0142 si\u0119 niestety rokiem pandemii i PCK da\u0142o si\u0119 pozna\u0107 przede wszystkim jako organizacja reaguj\u0105ca na kryzysy i wspieraj\u0105ca najbardziej potrzebuj\u0105cych: senior\u00f3w, osoby samotne, rodziny. Dlatego te\u017c w kampanii chcieli\u015bmy do tego nawi\u0105za\u0107 i u\u017cyli\u015bmy zdj\u0119cia obrazuj\u0105cego to wsparcie. Jest ono jednocze\u015bnie na tyle uniwersalne, \u017ce mo\u017ce obrazowa\u0107 r\u00f3wnie\u017c wsparcie po prostu rodzin i dzieci czy potrzebuj\u0105cych czyli jednej \u00a0z grup, kt\u00f3rej najcz\u0119\u015bciej pomagamy. Ca\u0142o\u015b\u0107 \u0142\u0105czy has\u0142o \u201ePom\u00f3\u017c nam pomaga\u0107\u201d, kt\u00f3re nie jest nowe, ale z kt\u00f3rym od lat si\u0119 identyfikujemy i go u\u017cywamy w r\u00f3\u017cnych akcjach.<\/p>\r\n\r\n\r\n\r\n<p>Pod tym linkiem znajd\u0105 Pa\u0144stwo zar\u00f3wno plakaty (r\u00f3wnie\u017c pliki do druku), jak i grafiki do social medi\u00f3w i baner na www:<\/p>\r\n\r\n\r\n\r\n<p class=\"has-text-align-center\" style=\"text-align: center;\"><a href=\"https:\/\/drive.google.com\/drive\/folders\/1LfJQwdTM1FZ72cEymp5F-qt1Rt7aHwLP?usp=sharing\">POBIERZ MATERIA\u0141Y<\/a><\/p>\r\n\r\n\r\n\r\n<p>&nbsp;<\/p>\r\n<p style=\"text-align: center;\"><strong>UWAGA!<\/strong><\/p>\r\n\r\n\r\n\r\n<p>Przypominam, \u017ce zgodnie z rozporz\u0105dzeniem z 2018 roku na materia\u0142ach wizerunkowych kampanii 1% OPP zobowi\u0105zane s\u0105 o dodatnie informacji o finansowaniu kampanii ze \u015brodk\u00f3w pozyskanych w ramach kampanii 1%. Natomiast je\u017celi kampania finansowana jest ze \u015brodk\u00f3w w\u0142asnych OPP, to nie ma takiego wymogu. Dlatego te\u017c przesy\u0142am Pa\u0144stwu 2 wersje grafik.<\/p>\r\n\r\n\r\n\r\n<p>Link do rozporz\u0105dzenia:\u00a0<a href=\"https:\/\/www.iwop.pl\/assets\/Uploads\/Dokumenty\/D2018000205301.pdf\">https:\/\/www.iwop.pl\/assets\/Uploads\/Dokumenty\/D2018000205301.pdf<\/a><\/p>\r\n\r\n\r\n\r\n<p>Je\u015bli Pa\u0144stwo zdecyduj\u0105 si\u0119 na odpis na PCK prosimy z dopiskiem KROTOSZYN.<\/p>\r\n\r\n\r\n\r\n<p>Z g\u00f3ry serdecznie dzi\u0119kuj\u0119 !!!!<\/p>\r\n\r\n\r\n\r\n<p style=\"text-align: right;\">Pozdrawiam; <br \/>Krzysztof Kierzek \u2013 Prezes Oddzia\u0142u Rejonowego PCK w Krotoszynie<\/p>\r\n","protected":false},"excerpt":{"rendered":"<p>Dzie\u0144 dobry, Oddzia\u0142 Rejonowy Polskiego Czerwonego Krzy\u017ca w Krotoszynie informuje, i\u017c otrzymali\u015bmy materia\u0142y graficzne do tegorocznej kampanii zwi\u0105zanej z 1%. Rok 2020 okaza\u0142 si\u0119 niestety rokiem pandemii i PCK da\u0142o si\u0119 pozna\u0107 przede wszystkim jako organizacja reaguj\u0105ca na kryzysy i wspieraj\u0105ca najbardziej potrzebuj\u0105cych: senior\u00f3w, osoby samotne, rodziny. Dlatego te\u017c w kampanii chcieli\u015bmy do tego nawi\u0105za\u0107 [&hellip;]<\/p>\n","protected":false},"author":1,"featured_media":0,"comment_status":"closed","ping_status":"open","sticky":false,"template":"","format":"standard","meta":{"_regular_price":[],"currency_symbol":[],"footnotes":""},"categories":[1],"tags":[],"class_list":["post-1257","post","type-post","status-publish","format-standard","hentry","category-image"],"post_slider_layout_featured_media_urls":{"thumbnail":"","post_slider_layout_landscape_large":"","post_slider_layout_portrait_large":"","post_slider_layout_square_large":"","post_slider_layout_landscape":"","post_slider_layout_portrait":"","post_slider_layout_square":"","full":""},"_links":{"self":[{"href":"http:\/\/www.pck-krotoszyn.pl\/index.php?rest_route=\/wp\/v2\/posts\/1257","targetHints":{"allow":["GET"]}}],"collection":[{"href":"http:\/\/www.pck-krotoszyn.pl\/index.php?rest_route=\/wp\/v2\/posts"}],"about":[{"href":"http:\/\/www.pck-krotoszyn.pl\/index.php?rest_route=\/wp\/v2\/types\/post"}],"author":[{"embeddable":true,"href":"http:\/\/www.pck-krotoszyn.pl\/index.php?rest_route=\/wp\/v2\/users\/1"}],"replies":[{"embeddable":true,"href":"http:\/\/www.pck-krotoszyn.pl\/index.php?rest_route=%2Fwp%2Fv2%2Fcomments&post=1257"}],"version-history":[{"count":0,"href":"http:\/\/www.pck-krotoszyn.pl\/index.php?rest_route=\/wp\/v2\/posts\/1257\/revisions"}],"wp:attachment":[{"href":"http:\/\/www.pck-krotoszyn.pl\/index.php?rest_route=%2Fwp%2Fv2%2Fmedia&parent=1257"}],"wp:term":[{"taxonomy":"category","embeddable":true,"href":"http:\/\/www.pck-krotoszyn.pl\/index.php?rest_route=%2Fwp%2Fv2%2Fcategories&post=1257"},{"taxonomy":"post_tag","embeddable":true,"href":"http:\/\/www.pck-krotoszyn.pl\/index.php?rest_route=%2Fwp%2Fv2%2Ftags&post=1257"}],"curies":[{"name":"wp","href":"https:\/\/api.w.org\/{rel}","templated":true}]}}