{"id":1483,"date":"2023-02-08T13:56:29","date_gmt":"2023-02-08T12:56:29","guid":{"rendered":"http:\/\/www.pck-krotoszyn.pl\/?p=1483"},"modified":"2023-02-08T13:56:43","modified_gmt":"2023-02-08T12:56:43","slug":"na-pomoc-turcji-i-syrii-pck-zbiera-srodki-na-pomoc-ofiarom-trzesienia-ziemi","status":"publish","type":"post","link":"http:\/\/www.pck-krotoszyn.pl\/?p=1483","title":{"rendered":"Na pomoc Turcji i Syrii \u2013 PCK zbiera \u015brodki na pomoc ofiarom trz\u0119sienia ziemi"},"content":{"rendered":"<p style=\"text-align: justify;\"><img loading=\"lazy\" decoding=\"async\" class=\"wp-image-1484 aligncenter\" src=\"http:\/\/www.pck-krotoszyn.pl\/wp-content\/uploads\/2023\/02\/Post-Instagram-napomocturcjiisyrii.png\" alt=\"\" width=\"500\" height=\"500\" srcset=\"http:\/\/www.pck-krotoszyn.pl\/wp-content\/uploads\/2023\/02\/Post-Instagram-napomocturcjiisyrii.png 1080w, http:\/\/www.pck-krotoszyn.pl\/wp-content\/uploads\/2023\/02\/Post-Instagram-napomocturcjiisyrii-300x300.png 300w, http:\/\/www.pck-krotoszyn.pl\/wp-content\/uploads\/2023\/02\/Post-Instagram-napomocturcjiisyrii-1024x1024.png 1024w, http:\/\/www.pck-krotoszyn.pl\/wp-content\/uploads\/2023\/02\/Post-Instagram-napomocturcjiisyrii-150x150.png 150w, http:\/\/www.pck-krotoszyn.pl\/wp-content\/uploads\/2023\/02\/Post-Instagram-napomocturcjiisyrii-768x768.png 768w\" sizes=\"auto, (max-width: 500px) 100vw, 500px\" \/><\/p>\n<p style=\"text-align: justify;\">Polski Czerwony Krzy\u017c rozpoczyna zbi\u00f3rk\u0119 na rzecz ofiar trz\u0119sienia ziemi w Turcji i Syrii. Na terenach dotkni\u0119tych przez katastrof\u0119 dzia\u0142aj\u0105 lokalne Stowarzyszenia Czerwonego P\u00f3\u0142ksi\u0119\u017cyca. \u015arodki zebrane ze zbi\u00f3rki zostan\u0105 przeznaczone na zakup najpilniejszych rzeczy dla os\u00f3b poszkodowanych.<\/p>\n<p style=\"text-align: justify;\">Wczoraj nad ranem dosz\u0142o do pot\u0119\u017cnego trz\u0119sienia ziemi na terytorium Turcji, Syrii i Libanu. W wyniku tego zdarzenia zgin\u0119\u0142o ponad 5 000 os\u00f3b, a kolejnych kilkana\u015bcie tysi\u0119cy jest rannych. Ca\u0142kowitemu zniszczeniu uleg\u0142y bloki mieszkalne i szpitale. AFAD \u2013 turecka agencja koordynuj\u0105ca dzia\u0142ania paodejmowane po wyst\u0105pieniu kl\u0119sk \u017cywio\u0142owych informuje o ponad 20 000 rannych, niemal 8 000 ludzi zosta\u0142o uratowanych z pod zawalonych budynk\u00f3w. W ci\u0105gu minionej doby sejsmografy odnotowa\u0142y ponad 1 000 wstrz\u0105s\u00f3w wt\u00f3rnych.<\/p>\n<p style=\"text-align: justify;\">Wp\u0142aty na pomoc ofiarom trz\u0119sienia ziemi w Turcji i Syrii mo\u017cna kierowa\u0107 na konto: 16 1160 2202 0000 0002 7718 3060 z dopiskiem \u201eNa pomoc TURCJI i SYRII\u201d. Pozyskane \u015brodki b\u0119d\u0105 przeznaczone w pierwszej kolejno\u015bci m.in. na zakup \u017cywno\u015bci, materia\u0142\u00f3w opatrunkowych oraz zabezpieczenie innych priorytetowych potrzeb.<\/p>\n<p style=\"text-align: justify;\">Na pomoc poszkodowanym natychmiast ruszyli pracownicy i wolontariusze Tureckiego Czerwonego P\u00f3\u0142ksi\u0119\u017cyca (TCP) oraz Syryjskiego Czerwonego P\u00f3\u0142ksi\u0119\u017cyca (SCP). Skala zniszcze\u0144 i potrzeb jest ogromna, dlatego w dotkni\u0119tych przez kataklizm regionach przedstawiciele Stowarzysze\u0144 Czerwonego P\u00f3\u0142ksi\u0119\u017cyca organizuj\u0105 pomoc humanitarn\u0105 dla ocala\u0142ych i ich rodzin.<\/p>\n<p style=\"text-align: justify;\">W Turcji ratownicy TCP zorganizowali tymczasowe punkty pomocy dla os\u00f3b rannych i ewakuowanych. Poszkodowanym zapewniono schronienie oraz pomoc dora\u017an\u0105. Obecnie na terenie po\u0142udniowej i po\u0142udniowo-wschodniej Turcji dzia\u0142aj\u0105 3 mobilne kuchnie oraz 71 samochod\u00f3w z dystrybucj\u0105 \u017cywno\u015bci dla os\u00f3b, kt\u00f3re ucierpia\u0142y z powodu katastrofy. W ponad 1 000 namiotach osoby poszkodowane mog\u0105 znale\u017a\u0107 tymczasowe schronienie. Turecki Czerwony P\u00f3\u0142ksi\u0119\u017cyc zapewnia r\u00f3wnie\u017c pomoc psychologiczn\u0105.<br \/>\nSyryjski Czerwony P\u00f3\u0142ksi\u0119\u017cyc wspiera s\u0142u\u017cby ratunkowe w poszukiwaniu os\u00f3b na gruzowiskach, udziela pierwszej pomocy rannym i pomaga w transporcie do szpitali. Sytuacja w Syrii jest bardzo ci\u0119\u017cka, ze wzgl\u0119du na trwaj\u0105c\u0105 od dekady wojn\u0119 oraz niskie temperatury, setki os\u00f3b nie ma teraz schronienia.<\/p>\n<p style=\"text-align: justify;\">Mi\u0119dzynarodowa spo\u0142eczno\u015b\u0107 Czerwonego Krzy\u017ca i Czerwonego P\u00f3\u0142ksi\u0119\u017cyca wspiera dzia\u0142ania lokalnych Stowarzysze\u0144 na rzecz os\u00f3b poszkodowanych w wyniku trz\u0119sienia ziemi i ich najbli\u017cszych. Opieraj\u0105c si\u0119 na do\u015bwiadczeniach oraz ocenie strat i potrzeb bratnich Stowarzysze\u0144, Polski Czerwony Krzy\u017c r\u00f3wnie\u017c zadeklarowa\u0142 gotowo\u015b\u0107 wsparcia poszkodowanych zasobami magazynowymi: kocami, \u015bpiworami, \u0142\u00f3\u017ckami polowymi, racjami \u017cywno\u015bciowymi w formie gotowych posi\u0142k\u00f3w oraz materia\u0142ami higienicznymi. Zadeklarowany sprz\u0119t PCK wy\u015ble niezw\u0142ocznie na wezwanie Tureckiego lub Syryjskiego Czerwonego P\u00f3\u0142ksi\u0119\u017cyca.<\/p>\n<p style=\"text-align: justify;\">Pomoc humanitarna potrzebna b\u0119dzie nie tylko dzi\u015b i w najbli\u017cszych dniach, gdzie najwa\u017cniejsze jest ratowanie ludzkiego \u017cycia, ale tak\u017ce przez kolejne tygodnie i miesi\u0105ce, gdy ocaleni b\u0119d\u0105 wraca\u0107 do normalnego \u017cycia i odbudowywa\u0107 swoje utracone domy. Dlatego Polski Czerwony Krzy\u017c og\u0142asza zbi\u00f3rk\u0119 \u015brodk\u00f3w finansowych NA POMOC TURCJI i SYRII. Zebrane \u015brodki PCK przeznaczy na zakup najpilniejszych rzeczy dla poszkodowanych: \u017cywno\u015bci, \u015brodk\u00f3w opatrunkowych, materia\u0142\u00f3w budowalnych oraz innych artyku\u0142\u00f3w, dzi\u0119ki kt\u00f3rym tureccy i syryjscy mieszka\u0144cy b\u0119d\u0105 mogli odbudowa\u0107 swoje domy.<\/p>\n<p style=\"text-align: justify;\">Wp\u0142aty na pomoc ofiarom trz\u0119sienia ziemi w Turcji i Syrii mo\u017cna kierowa\u0107<\/p>\n<p style=\"text-align: justify;\">na konto: <strong>16 1160 2202 0000 0002 7718 3060 z dopiskiem \u201eNa pomoc TURCJI i SYRII\u201d.<\/strong><br \/>\nIBAN PL16 1160 2202 0000 0002 7718 3060,<br \/>\nSWIFT CODE BIGBPLPWXXX with a note \u201eHELP for TURKEY and SYRIA\u201d<\/p>\n<p style=\"text-align: justify;\"><em>KONTAKT<\/em><br \/>\n<em>Dzia\u0142 Promocji i Pozyskiwania Dochod\u00f3w<\/em><br \/>\n<em>Polski Czerwony Krzy\u017c, Biuro Zarz\u0105du G\u0142\u00f3wnego<\/em><br \/>\n<em>Urszula Oko\u0144, tel: 663 558 988<\/em><\/p>\n","protected":false},"excerpt":{"rendered":"<p>Polski Czerwony Krzy\u017c rozpoczyna zbi\u00f3rk\u0119 na rzecz ofiar trz\u0119sienia ziemi w Turcji i Syrii. Na terenach dotkni\u0119tych przez katastrof\u0119 dzia\u0142aj\u0105 lokalne Stowarzyszenia Czerwonego P\u00f3\u0142ksi\u0119\u017cyca. \u015arodki zebrane ze zbi\u00f3rki zostan\u0105 przeznaczone na zakup najpilniejszych rzeczy dla os\u00f3b poszkodowanych. Wczoraj nad ranem dosz\u0142o do pot\u0119\u017cnego trz\u0119sienia ziemi na terytorium Turcji, Syrii i Libanu. W wyniku tego zdarzenia [&hellip;]<\/p>\n","protected":false},"author":1,"featured_media":0,"comment_status":"closed","ping_status":"open","sticky":false,"template":"","format":"standard","meta":{"_regular_price":[],"currency_symbol":[],"footnotes":""},"categories":[1],"tags":[],"class_list":["post-1483","post","type-post","status-publish","format-standard","hentry","category-image"],"post_slider_layout_featured_media_urls":{"thumbnail":"","post_slider_layout_landscape_large":"","post_slider_layout_portrait_large":"","post_slider_layout_square_large":"","post_slider_layout_landscape":"","post_slider_layout_portrait":"","post_slider_layout_square":"","full":""},"_links":{"self":[{"href":"http:\/\/www.pck-krotoszyn.pl\/index.php?rest_route=\/wp\/v2\/posts\/1483","targetHints":{"allow":["GET"]}}],"collection":[{"href":"http:\/\/www.pck-krotoszyn.pl\/index.php?rest_route=\/wp\/v2\/posts"}],"about":[{"href":"http:\/\/www.pck-krotoszyn.pl\/index.php?rest_route=\/wp\/v2\/types\/post"}],"author":[{"embeddable":true,"href":"http:\/\/www.pck-krotoszyn.pl\/index.php?rest_route=\/wp\/v2\/users\/1"}],"replies":[{"embeddable":true,"href":"http:\/\/www.pck-krotoszyn.pl\/index.php?rest_route=%2Fwp%2Fv2%2Fcomments&post=1483"}],"version-history":[{"count":0,"href":"http:\/\/www.pck-krotoszyn.pl\/index.php?rest_route=\/wp\/v2\/posts\/1483\/revisions"}],"wp:attachment":[{"href":"http:\/\/www.pck-krotoszyn.pl\/index.php?rest_route=%2Fwp%2Fv2%2Fmedia&parent=1483"}],"wp:term":[{"taxonomy":"category","embeddable":true,"href":"http:\/\/www.pck-krotoszyn.pl\/index.php?rest_route=%2Fwp%2Fv2%2Fcategories&post=1483"},{"taxonomy":"post_tag","embeddable":true,"href":"http:\/\/www.pck-krotoszyn.pl\/index.php?rest_route=%2Fwp%2Fv2%2Ftags&post=1483"}],"curies":[{"name":"wp","href":"https:\/\/api.w.org\/{rel}","templated":true}]}}