{"id":1561,"date":"2024-09-16T12:32:56","date_gmt":"2024-09-16T10:32:56","guid":{"rendered":"http:\/\/www.pck-krotoszyn.pl\/?p=1561"},"modified":"2024-09-16T13:16:06","modified_gmt":"2024-09-16T11:16:06","slug":"1561","status":"publish","type":"post","link":"http:\/\/www.pck-krotoszyn.pl\/?p=1561","title":{"rendered":"WSPARCIE- Potrzeby w zalanych terenach stale rosn\u0105, dlatego apelujemy o Wasze wsparcie\u00a0"},"content":{"rendered":"<p><strong>W zwi\u0105zku z dramatyczn\u0105 sytuacj\u0105 powodziow\u0105 w po\u0142udniowej Polsce, Polski Czerwony Krzy\u017c rozszerza dzia\u0142ania ratunkowe i uruchamia specjaln\u0105 zbi\u00f3rk\u0119 na rzecz ofiar \u017cywio\u0142u.<\/strong><\/p>\n<p><strong>Pierwszy transport dla K\u0142odzka z \u00a0niezb\u0119dnym sprz\u0119tem<\/strong>\u00a0z Polskiego Czerwonego Krzy\u017ca ju\u017c wyruszy\u0142. \u00a0W ramach pomocy powodzianom wys\u0142ano 8 agregat\u00f3w pr\u0105dotw\u00f3rczych, 20 nagrzewnic, 1000 koc\u00f3w\u00a0oraz 1000 \u0142\u00f3\u017cek polowych z akcesoriami. \u0141\u0105czna warto\u015b\u0107 dostarczonych materia\u0142\u00f3w to oko\u0142o 650 000 z\u0142. Sprz\u0119t ten zostanie wykorzystany do zapewnienia schronienia oraz podstawowego wyposa\u017cenia dla ewakuowanych mieszka\u0144c\u00f3w regionu, kt\u00f3rzy stracili dost\u0119p do pr\u0105du i ciep\u0142a w wyniku katastrofy.<\/p>\n<p>Na terenie obj\u0119tych kl\u0119sk\u0105 powodzi dzia\u0142aj\u0105 niespecjalizowani wolontariuszy PCK udzielaj\u0105cych pomocy potrzebuj\u0105cym i wspieraj\u0105c s\u0142u\u017cby.<\/p>\n<p>&nbsp;<\/p>\n<p><strong>Potrzeby w zalanych terenach stale rosn\u0105, dlatego apelujemy o Wasze wsparcie\u00a0<\/strong><\/p>\n<p>&nbsp;<\/p>\n<p style=\"text-align: center;\"><span style=\"font-size: 14pt;\">numer konta: 16 1160 2202 0000 0002 7718 3060<\/span><\/p>\n<p style=\"text-align: center;\"><span style=\"font-size: 14pt;\">BLIK 794 33 22 11 z dopiskiem Pow\u00f3d\u017a<\/span><\/p>\n<p style=\"text-align: center;\"><span style=\"font-size: 14pt;\">\u00a0 \u00a0 PayU \/ PayPal\u00a0<a href=\"https:\/\/pck.pl\/wspieraj-nas\/?fbclid=IwZXh0bgNhZW0CMTAAAR3Tcq6puPwRM9SEDSLyxkobLIgnjj9-oglGH5Voe_WMXoIrJrDRafDVZN4_aem_kId8vCiMsuzk1CEKOyl1jw\">https:\/\/pck.pl\/wspieraj-nas\/<\/a><\/span><\/p>\n<p style=\"text-align: center;\"><span style=\"font-size: 14pt;\">\u00a0 \u00a0 Zrzutka\u00a0<a href=\"https:\/\/zrzutka.pl\/tf6sjc?fbclid=IwZXh0bgNhZW0CMTAAAR3Tcq6puPwRM9SEDSLyxkobLIgnjj9-oglGH5Voe_WMXoIrJrDRafDVZN4_aem_kId8vCiMsuzk1CEKOyl1jw\">https:\/\/zrzutka.pl\/tf6sjc<\/a><\/span><\/p>\n<p>Dzi\u0119ki wsparciu finansowym Polski Czerwony Krzy\u017c b\u0119dzie w stanie precyzyjnie odpowiedzie\u0107 na potrzeby poszkodowanych w powodzi os\u00f3b i instytucji.<\/p>\n<p>&nbsp;<\/p>\n<p><strong>Polski Czerwony Krzy\u017c realizuje r\u00f3wnie\u017c zbi\u00f3rk\u0119 spersonalizowanej pomocy rzeczowej:<\/strong><\/p>\n<p>-Woda w zgrzewkach lub 5 litrowych butelkach, kawa i herbata.<\/p>\n<p>-Konserw i gotowych potraw ( do natychmiastowego spo\u017cycia) &#8211; najlepiej w ca\u0142ych zgrzewkach.<\/p>\n<p>-\u017bywno\u015bci liofilizowanej<a href=\"https:\/\/www.googleadservices.com\/pagead\/aclk?sa=L&amp;ai=DChcSEwja0qvg-saIAxXIQEECHT0SAScYABA3GgJ3cw&amp;co=1&amp;ase=2&amp;gclid=Cj0KCQjwrp-3BhDgARIsAEWJ6SyMJ-eqLpAXoZCScoYQlrxr_Vy5-SNTtl3QULg4Kw61_0Pt9VZ0mU4aArYEEALw_wcB&amp;ohost=www.google.com&amp;cid=CAESVeD2Q51lP_DCBW-Qaamx8pDrMhdsjAJFfbizN-byCNP_PdUue06XHzqmrsq-BpRA2jV7qJuBNVXORKLh2Fj9EOgyJrtkf65qGXGCY_5rHpLshJeS9xQ&amp;sig=AOD64_3pveNry5Xd3TBgFA9q8NfLRoLFbQ&amp;q&amp;nis=4&amp;adurl&amp;ved=2ahUKEwiFjqbg-saIAxVvSvEDHZqRARAQ0Qx6BAgjEAE\">&#8211; jedzenie turystyczne.<\/a><\/p>\n<p>-\u015arodk\u00f3w chemicznych i higienicznych \/np. \u015brodki czysto\u015bci i dezynfekcyjne, myd\u0142a, p\u0142yny do mycia, proszki do prania, worki do \u015bmieci\/<\/p>\n<p>-Latarki, powerbanki, baterie<\/p>\n<p>&nbsp;<\/p>\n<p>Pomoc rzeczow\u0105 mo\u017cna sk\u0142ada\u0107 w biurze Polskiego Czerwonego Krzy\u017ca w Krotoszynie ul. Kobyli\u0144ska 10 a \u2013 1 pi\u0119tro \/ 2 drzwi po lewej stronie \/ w dniach od 16 do 20.09.2024 r. w godzinach od 8.00 do 14.00<\/p>\n<p>&nbsp;<\/p>\n<p style=\"text-align: center;\"><strong>Prezes OR PCK<\/strong><\/p>\n<p style=\"text-align: center;\">Telefon kontaktowy:<\/p>\n<p style=\"text-align: center;\">660663072 lub 62 725 2390<\/p>\n","protected":false},"excerpt":{"rendered":"<p>W zwi\u0105zku z dramatyczn\u0105 sytuacj\u0105 powodziow\u0105 w po\u0142udniowej Polsce, Polski Czerwony Krzy\u017c rozszerza dzia\u0142ania ratunkowe i uruchamia specjaln\u0105 zbi\u00f3rk\u0119 na rzecz ofiar \u017cywio\u0142u. Pierwszy transport dla K\u0142odzka z \u00a0niezb\u0119dnym sprz\u0119tem\u00a0z Polskiego Czerwonego Krzy\u017ca ju\u017c wyruszy\u0142. \u00a0W ramach pomocy powodzianom wys\u0142ano 8 agregat\u00f3w pr\u0105dotw\u00f3rczych, 20 nagrzewnic, 1000 koc\u00f3w\u00a0oraz 1000 \u0142\u00f3\u017cek polowych z akcesoriami. \u0141\u0105czna warto\u015b\u0107 dostarczonych [&hellip;]<\/p>\n","protected":false},"author":1,"featured_media":0,"comment_status":"closed","ping_status":"open","sticky":false,"template":"","format":"standard","meta":{"_regular_price":[],"currency_symbol":[],"footnotes":""},"categories":[11],"tags":[],"class_list":["post-1561","post","type-post","status-publish","format-standard","hentry","category-wydarzenia"],"post_slider_layout_featured_media_urls":{"thumbnail":"","post_slider_layout_landscape_large":"","post_slider_layout_portrait_large":"","post_slider_layout_square_large":"","post_slider_layout_landscape":"","post_slider_layout_portrait":"","post_slider_layout_square":"","full":""},"_links":{"self":[{"href":"http:\/\/www.pck-krotoszyn.pl\/index.php?rest_route=\/wp\/v2\/posts\/1561","targetHints":{"allow":["GET"]}}],"collection":[{"href":"http:\/\/www.pck-krotoszyn.pl\/index.php?rest_route=\/wp\/v2\/posts"}],"about":[{"href":"http:\/\/www.pck-krotoszyn.pl\/index.php?rest_route=\/wp\/v2\/types\/post"}],"author":[{"embeddable":true,"href":"http:\/\/www.pck-krotoszyn.pl\/index.php?rest_route=\/wp\/v2\/users\/1"}],"replies":[{"embeddable":true,"href":"http:\/\/www.pck-krotoszyn.pl\/index.php?rest_route=%2Fwp%2Fv2%2Fcomments&post=1561"}],"version-history":[{"count":6,"href":"http:\/\/www.pck-krotoszyn.pl\/index.php?rest_route=\/wp\/v2\/posts\/1561\/revisions"}],"predecessor-version":[{"id":1567,"href":"http:\/\/www.pck-krotoszyn.pl\/index.php?rest_route=\/wp\/v2\/posts\/1561\/revisions\/1567"}],"wp:attachment":[{"href":"http:\/\/www.pck-krotoszyn.pl\/index.php?rest_route=%2Fwp%2Fv2%2Fmedia&parent=1561"}],"wp:term":[{"taxonomy":"category","embeddable":true,"href":"http:\/\/www.pck-krotoszyn.pl\/index.php?rest_route=%2Fwp%2Fv2%2Fcategories&post=1561"},{"taxonomy":"post_tag","embeddable":true,"href":"http:\/\/www.pck-krotoszyn.pl\/index.php?rest_route=%2Fwp%2Fv2%2Ftags&post=1561"}],"curies":[{"name":"wp","href":"https:\/\/api.w.org\/{rel}","templated":true}]}}