{"id":1596,"date":"2025-03-17T12:59:44","date_gmt":"2025-03-17T11:59:44","guid":{"rendered":"http:\/\/www.pck-krotoszyn.pl\/?p=1596"},"modified":"2025-03-17T13:00:35","modified_gmt":"2025-03-17T12:00:35","slug":"zjazd-sprawozdawczo-wyborczy-pck-w-krotoszynie-nowe-wladze-na-kadencje-2025-2029","status":"publish","type":"post","link":"http:\/\/www.pck-krotoszyn.pl\/?p=1596","title":{"rendered":"Zjazd Sprawozdawczo-Wyborczy PCK w Krotoszynie \u2013 Nowe W\u0142adze na Kadencj\u0119 2025-2029"},"content":{"rendered":"<p data-start=\"90\" data-end=\"359\">27 lutego 2025 roku odby\u0142 si\u0119 Zjazd Sprawozdawczo-Wyborczy delegat\u00f3w jednostek podstawowych Polskiego Czerwonego Krzy\u017ca w Krotoszynie. Podczas obrad podsumowano dzia\u0142alno\u015b\u0107 minionej kadencji oraz dokonano wyboru nowych w\u0142adz Oddzia\u0142u Rejonowego PCK na lata 2025-2029.<\/p>\n<h4 data-start=\"448\" data-end=\"494\"><\/h4>\n<h4 data-start=\"448\" data-end=\"494\"><strong data-start=\"453\" data-end=\"492\">Nowy Zarz\u0105d Oddzia\u0142u Rejonowego PCK<\/strong><\/h4>\n<ul data-start=\"495\" data-end=\"683\">\n<li data-start=\"495\" data-end=\"528\"><strong data-start=\"497\" data-end=\"508\">Prezes:<\/strong> Krzysztof Kierzek<\/li>\n<li data-start=\"529\" data-end=\"564\"><strong data-start=\"531\" data-end=\"546\">Wiceprezes:<\/strong> Wies\u0142aw G\u0142uszek<\/li>\n<li data-start=\"565\" data-end=\"608\"><strong data-start=\"567\" data-end=\"580\">Skarbnik:<\/strong> Marzena Furmanek-Szczotka<\/li>\n<li data-start=\"609\" data-end=\"641\"><strong data-start=\"611\" data-end=\"625\">Sekretarz:<\/strong> Marzena Nowak<\/li>\n<li data-start=\"642\" data-end=\"683\"><strong data-start=\"644\" data-end=\"664\">Cz\u0142onek Zarz\u0105du:<\/strong> Piotr Ni\u015bkiewicz<\/li>\n<\/ul>\n<h4 data-start=\"685\" data-end=\"737\"><strong data-start=\"690\" data-end=\"735\">Komisja Rewizyjna Oddzia\u0142u Rejonowego PCK<\/strong><\/h4>\n<ul data-start=\"738\" data-end=\"842\">\n<li data-start=\"738\" data-end=\"772\"><strong data-start=\"740\" data-end=\"759\">Przewodnicz\u0105cy:<\/strong> Bogdan Kot<\/li>\n<li data-start=\"773\" data-end=\"808\"><strong data-start=\"775\" data-end=\"789\">Sekretarz:<\/strong> Sebastian \u0141uczak<\/li>\n<li data-start=\"809\" data-end=\"842\"><strong data-start=\"811\" data-end=\"823\">Cz\u0142onek:<\/strong> Zbigniew Bojanek<\/li>\n<\/ul>\n<p data-start=\"907\" data-end=\"1263\">Zjazd by\u0142 okazj\u0105 do om\u00f3wienia kluczowych wyzwa\u0144 na przysz\u0142\u0105 kadencj\u0119, a tak\u017ce do podzi\u0119kowania wszystkim zaanga\u017cowanym w dzia\u0142alno\u015b\u0107 PCK w regionie. Nowo wybrane w\u0142adze deklaruj\u0105 dalsz\u0105 intensywn\u0105 prac\u0119 na rzecz niesienia pomocy potrzebuj\u0105cym, promocji honorowego krwiodawstwa oraz dzia\u0142a\u0144 edukacyjnych w zakresie pierwszej pomocy i zdrowego stylu \u017cycia.<\/p>\n<p data-start=\"1265\" data-end=\"1336\">Serdecznie gratulujemy wszystkim wybranym i \u017cyczymy owocnej kadencji!<\/p>\n<p data-start=\"1338\" data-end=\"1441\" data-is-last-node=\"\" data-is-only-node=\"\">\ud83d\udce2 <strong data-start=\"1341\" data-end=\"1441\" data-is-last-node=\"\">B\u0105d\u017a na bie\u017c\u0105co z dzia\u0142alno\u015bci\u0105 PCK w Krotoszynie \u2013 \u015bled\u017a nasze wydarzenia i akcje charytatywne!<\/strong><\/p>\n","protected":false},"excerpt":{"rendered":"<p>27 lutego 2025 roku odby\u0142 si\u0119 Zjazd Sprawozdawczo-Wyborczy delegat\u00f3w jednostek podstawowych Polskiego Czerwonego Krzy\u017ca w Krotoszynie. Podczas obrad podsumowano dzia\u0142alno\u015b\u0107 minionej kadencji oraz dokonano wyboru nowych w\u0142adz Oddzia\u0142u Rejonowego PCK na lata 2025-2029. Nowy Zarz\u0105d Oddzia\u0142u Rejonowego PCK Prezes: Krzysztof Kierzek Wiceprezes: Wies\u0142aw G\u0142uszek Skarbnik: Marzena Furmanek-Szczotka Sekretarz: Marzena Nowak Cz\u0142onek Zarz\u0105du: Piotr Ni\u015bkiewicz Komisja [&hellip;]<\/p>\n","protected":false},"author":1,"featured_media":0,"comment_status":"closed","ping_status":"open","sticky":false,"template":"","format":"standard","meta":{"_regular_price":[],"currency_symbol":[],"footnotes":""},"categories":[11],"tags":[],"class_list":["post-1596","post","type-post","status-publish","format-standard","hentry","category-wydarzenia"],"post_slider_layout_featured_media_urls":{"thumbnail":"","post_slider_layout_landscape_large":"","post_slider_layout_portrait_large":"","post_slider_layout_square_large":"","post_slider_layout_landscape":"","post_slider_layout_portrait":"","post_slider_layout_square":"","full":""},"_links":{"self":[{"href":"http:\/\/www.pck-krotoszyn.pl\/index.php?rest_route=\/wp\/v2\/posts\/1596","targetHints":{"allow":["GET"]}}],"collection":[{"href":"http:\/\/www.pck-krotoszyn.pl\/index.php?rest_route=\/wp\/v2\/posts"}],"about":[{"href":"http:\/\/www.pck-krotoszyn.pl\/index.php?rest_route=\/wp\/v2\/types\/post"}],"author":[{"embeddable":true,"href":"http:\/\/www.pck-krotoszyn.pl\/index.php?rest_route=\/wp\/v2\/users\/1"}],"replies":[{"embeddable":true,"href":"http:\/\/www.pck-krotoszyn.pl\/index.php?rest_route=%2Fwp%2Fv2%2Fcomments&post=1596"}],"version-history":[{"count":2,"href":"http:\/\/www.pck-krotoszyn.pl\/index.php?rest_route=\/wp\/v2\/posts\/1596\/revisions"}],"predecessor-version":[{"id":1598,"href":"http:\/\/www.pck-krotoszyn.pl\/index.php?rest_route=\/wp\/v2\/posts\/1596\/revisions\/1598"}],"wp:attachment":[{"href":"http:\/\/www.pck-krotoszyn.pl\/index.php?rest_route=%2Fwp%2Fv2%2Fmedia&parent=1596"}],"wp:term":[{"taxonomy":"category","embeddable":true,"href":"http:\/\/www.pck-krotoszyn.pl\/index.php?rest_route=%2Fwp%2Fv2%2Fcategories&post=1596"},{"taxonomy":"post_tag","embeddable":true,"href":"http:\/\/www.pck-krotoszyn.pl\/index.php?rest_route=%2Fwp%2Fv2%2Ftags&post=1596"}],"curies":[{"name":"wp","href":"https:\/\/api.w.org\/{rel}","templated":true}]}}