{"id":1625,"date":"2026-04-23T11:48:37","date_gmt":"2026-04-23T09:48:37","guid":{"rendered":"http:\/\/www.pck-krotoszyn.pl\/?p=1625"},"modified":"2026-04-23T11:48:37","modified_gmt":"2026-04-23T09:48:37","slug":"asystent-osobisty-osoby-z-niepelnosprawnoscia-edycja-2026-dla-organizacji-pozarzadowych","status":"publish","type":"post","link":"http:\/\/www.pck-krotoszyn.pl\/?p=1625","title":{"rendered":"Asystent osobisty osoby z niepe\u0142nosprawno\u015bci\u0105- edycja 2026 dla Organizacji Pozarz\u0105dowych"},"content":{"rendered":"<p><img loading=\"lazy\" decoding=\"async\" class=\"aligncenter size-full wp-image-1628\" src=\"http:\/\/www.pck-krotoszyn.pl\/wp-content\/uploads\/2026\/04\/AOON-Post-1K-JPEG.jpg\" alt=\"\" width=\"724\" height=\"1024\" srcset=\"http:\/\/www.pck-krotoszyn.pl\/wp-content\/uploads\/2026\/04\/AOON-Post-1K-JPEG.jpg 724w, http:\/\/www.pck-krotoszyn.pl\/wp-content\/uploads\/2026\/04\/AOON-Post-1K-JPEG-212x300.jpg 212w\" sizes=\"auto, (max-width: 724px) 100vw, 724px\" \/><\/p>\n","protected":false},"excerpt":{"rendered":"","protected":false},"author":1,"featured_media":0,"comment_status":"closed","ping_status":"open","sticky":false,"template":"","format":"standard","meta":{"_regular_price":[],"currency_symbol":[],"footnotes":""},"categories":[1],"tags":[],"class_list":["post-1625","post","type-post","status-publish","format-standard","hentry","category-image"],"post_slider_layout_featured_media_urls":{"thumbnail":"","post_slider_layout_landscape_large":"","post_slider_layout_portrait_large":"","post_slider_layout_square_large":"","post_slider_layout_landscape":"","post_slider_layout_portrait":"","post_slider_layout_square":"","full":""},"_links":{"self":[{"href":"http:\/\/www.pck-krotoszyn.pl\/index.php?rest_route=\/wp\/v2\/posts\/1625","targetHints":{"allow":["GET"]}}],"collection":[{"href":"http:\/\/www.pck-krotoszyn.pl\/index.php?rest_route=\/wp\/v2\/posts"}],"about":[{"href":"http:\/\/www.pck-krotoszyn.pl\/index.php?rest_route=\/wp\/v2\/types\/post"}],"author":[{"embeddable":true,"href":"http:\/\/www.pck-krotoszyn.pl\/index.php?rest_route=\/wp\/v2\/users\/1"}],"replies":[{"embeddable":true,"href":"http:\/\/www.pck-krotoszyn.pl\/index.php?rest_route=%2Fwp%2Fv2%2Fcomments&post=1625"}],"version-history":[{"count":1,"href":"http:\/\/www.pck-krotoszyn.pl\/index.php?rest_route=\/wp\/v2\/posts\/1625\/revisions"}],"predecessor-version":[{"id":1629,"href":"http:\/\/www.pck-krotoszyn.pl\/index.php?rest_route=\/wp\/v2\/posts\/1625\/revisions\/1629"}],"wp:attachment":[{"href":"http:\/\/www.pck-krotoszyn.pl\/index.php?rest_route=%2Fwp%2Fv2%2Fmedia&parent=1625"}],"wp:term":[{"taxonomy":"category","embeddable":true,"href":"http:\/\/www.pck-krotoszyn.pl\/index.php?rest_route=%2Fwp%2Fv2%2Fcategories&post=1625"},{"taxonomy":"post_tag","embeddable":true,"href":"http:\/\/www.pck-krotoszyn.pl\/index.php?rest_route=%2Fwp%2Fv2%2Ftags&post=1625"}],"curies":[{"name":"wp","href":"https:\/\/api.w.org\/{rel}","templated":true}]}}