{"id":577,"date":"2015-11-29T17:55:47","date_gmt":"2015-11-29T16:55:47","guid":{"rendered":"http:\/\/www.pck-krotoszyn.pl\/?p=577"},"modified":"2015-12-02T18:26:09","modified_gmt":"2015-12-02T17:26:09","slug":"listopadowe-dni-honorowego-krwiodawstwa","status":"publish","type":"post","link":"http:\/\/www.pck-krotoszyn.pl\/?p=577","title":{"rendered":"Listopadowe Dni  Honorowego Krwiodawstwa"},"content":{"rendered":"<p style=\"text-align: justify;\"><span style=\"font-size: 10pt; font-family: comic sans ms,sans-serif;\"><strong>Dnia 20.11.2015r. w Restauracji \u201eRatuszowa\u201d<\/strong>odby\u0142o si\u0119 spotkanie z okazji<strong> listopadowych Dni Honorowego Krwiodawstwa<\/strong>, odznaczanych krwiodawc\u00f3w z Klubu HDK PCK przy Oddziale Rejonowy PCK w Krotoszynie oraz Klubu HDK PCK przy Komendzie Powiatowej PSP w Krotoszynie.<\/span><\/p>\n<p style=\"text-align: justify;\"><span style=\"font-size: 10pt; font-family: comic sans ms,sans-serif;\">Jest to \u015bwi\u0119to wszystkich Polskich Honorowych Dawc\u00f3w Krwi, jest to czas podzi\u0119kowa\u0144.<\/span><\/p>\n<p style=\"text-align: justify;\"><span style=\"font-size: 10pt; font-family: comic sans ms,sans-serif;\">W trakcie tych obchod\u00f3w organizowane s\u0105 spotkania i oficjalne uroczysto\u015bci, na kt\u00f3rych najbardziej Zas\u0142u\u017conym Honorowym Krwiodawcom \u201ewr\u0119czane s\u0105 odznaczenia, wyr\u00f3\u017cnienia Polskiego Czerwonego Krzy\u017ca oraz wiele innych symbolicznych podzi\u0119kowa\u0144.<\/span><\/p>\n<p style=\"text-align: justify;\"><span style=\"font-size: 10pt; font-family: comic sans ms,sans-serif;\">Obchody listopadowych Dni Honorowego Krwiodawstwa s\u0105 okazj\u0105, aby uwypukli\u0107 znaczenie honorowego, nieodp\u0142atnego oddawania krwi oraz zach\u0119ci\u0107, jak najwi\u0119ksz\u0105 rzesz\u0119 ludzi, aby stali si\u0119 dawcami regularnymi.<\/span><\/p>\n<p style=\"text-align: left;\"><span style=\"font-size: 10pt; font-family: comic sans ms,sans-serif;\"><strong>Nasze spotkanie zaszczycili swoj\u0105 obecno\u015bci\u0105 nast\u0119puj\u0105cy zaproszeni go\u015bcie:<\/strong><\/span><\/p>\n<p>&nbsp;<\/p>\n<ol>\n<li><span style=\"font-family: comic sans ms,sans-serif;\">Przewodnicz\u0105cego Rady Powiaty<\/span><\/li>\n<li><span style=\"font-family: comic sans ms,sans-serif;\">Starost\u0119 krotoszy\u0144skiego<\/span><\/li>\n<li><span style=\"font-family: comic sans ms,sans-serif;\">Przewodnicz\u0105c\u0105 Rady Miejskiej<\/span><\/li>\n<li><span style=\"font-family: comic sans ms,sans-serif;\">Burmistrza Krotoszyna<\/span><\/li>\n<li><span style=\"font-family: comic sans ms,sans-serif;\">Komendanta Powiatowego Pa\u0144stwowej Stra\u017cy Po\u017carnej w Krotoszynie<\/span><\/li>\n<li><span style=\"font-family: comic sans ms,sans-serif;\">Jerzego Przewo\u017anego<\/span><\/li>\n<li><span style=\"font-family: comic sans ms,sans-serif;\">Tadeusza Gronka<\/span><\/li>\n<li><span style=\"font-family: comic sans ms,sans-serif;\">Ann\u0119 Janick\u0105<\/span><\/li>\n<li><span style=\"font-family: comic sans ms,sans-serif;\">Ma\u0142gorzat\u0119 Budzi\u0144ska<\/span><\/li>\n<\/ol>\n<p><span style=\"font-family: comic sans ms,sans-serif;\">oraz Prezesi Klub\u00f3w HDK PCK z naszego powiatu.<\/span><\/p>\n<p>&nbsp;<\/p>\n<p><span style=\"font-family: comic sans ms,sans-serif;\"><em><strong>Oddzia\u0142 Rejonowy Polskiego Czerwonego Krzy\u017ca oraz Rejonowa Rada Honorowych Dawc\u00f3w Krwi sporz\u0105dzi\u0142a wnioski o nadanie odznacze\u0144 pa\u0144stwowych dla ni\u017cej wymienionych os\u00f3b;<\/strong><\/em><\/span><\/p>\n<ol>\n<li><span style=\"font-family: comic sans ms,sans-serif;\">Pytlik Mariusz \u00a0\u00a0\u00a0\u00a0\u00a0\u00a0\u00a0\u00a0 BKZ<\/span><\/li>\n<li><span style=\"font-family: comic sans ms,sans-serif;\">Szewczyk Wies\u0142aw BKZ<\/span><\/li>\n<li><span style=\"font-family: comic sans ms,sans-serif;\">Kalicka Maria \u00a0\u00a0\u00a0\u00a0\u00a0\u00a0\u00a0\u00a0 BKZ<\/span><\/li>\n<li><span style=\"font-family: comic sans ms,sans-serif;\">Sta\u015bkowiak Piotr BKZ<\/span><\/li>\n<li><span style=\"font-family: comic sans ms,sans-serif;\">Roszak Tomasz \u00a0\u00a0\u00a0\u00a0\u00a0\u00a0\u00a0\u00a0 BKZ<\/span><\/li>\n<li><span style=\"font-family: comic sans ms,sans-serif;\">Nowak Adam \u00a0\u00a0\u00a0\u00a0\u00a0\u00a0\u00a0\u00a0 BKZ<\/span><\/li>\n<li><span style=\"font-family: comic sans ms,sans-serif;\">Pierunek Henryk \u00a0\u00a0\u00a0\u00a0\u00a0\u00a0\u00a0\u00a0 SKZ<\/span><\/li>\n<li><span style=\"font-family: comic sans ms,sans-serif;\">Reyer Kazimierz \u00a0\u00a0\u00a0\u00a0\u00a0\u00a0\u00a0\u00a0 ZKZ<\/span><\/li>\n<li><span style=\"font-family: comic sans ms,sans-serif;\">Sobiesi\u0144ski Tadeusz BKZ<\/span><\/li>\n<li><span style=\"font-family: comic sans ms,sans-serif;\">Szulc Jaros\u0142aw\u00a0\u00a0\u00a0\u00a0 \u00a0\u00a0\u00a0\u00a0\u00a0\u00a0\u00a0\u00a0 BKZ<\/span><\/li>\n<li><span style=\"font-family: comic sans ms,sans-serif;\">Zyba\u0142a Dariusz\u00a0\u00a0\u00a0 \u00a0\u00a0\u00a0\u00a0\u00a0\u00a0\u00a0\u00a0 BKZ<\/span><\/li>\n<\/ol>\n<p>&nbsp;<\/p>\n<p><span style=\"font-family: comic sans ms,sans-serif;\"><em><strong>o wyr\u00f3\u017cnienie odznaka Zas\u0142u\u017cony dla Zdrowia Narodu z\u0142o\u017cono wnioski dla<\/strong><\/em><\/span><\/p>\n<ol>\n<li><span style=\"font-family: comic sans ms,sans-serif;\">Babij\u00f3w S\u0142awomir<\/span><\/li>\n<li><span style=\"font-family: comic sans ms,sans-serif;\">Wasielak Robert<\/span><\/li>\n<\/ol>\n<p>&nbsp;<\/p>\n<p><span style=\"font-family: comic sans ms,sans-serif;\"><strong>Wniosek o Kryszta\u0142owe Serce zosta\u0142 sporz\u0105dzony dla Pana Ryszarda G\u00f3rki<\/strong> \u2013 Prezesa Klubu HDK PCK przy Oddziale Rejonowy PCK w Krotoszynie oraz Klubu HDK PCK przy Komendzie Powiatowej PSP w Krotoszynie.<\/span><\/p>\n<p>&nbsp;<\/p>\n<p><span style=\"font-family: comic sans ms,sans-serif;\">Na dzie\u0144 dzisiejszy wiemy tylko o przyznanych przez Pana Prezydenta odznaczenia Zas\u0142u\u017cony dla Zdrowia Narodu dla Pana Roberta Wasielaka oraz o przyznaniu Kapitu\u0142\u0105 Polskiego Czerwonego Krzy\u017ca Kryszta\u0142owego Serca dla Pana Ryszarda G\u00f3rki.<\/span><\/p>\n<p>&nbsp;<\/p>\n<p><span style=\"font-family: comic sans ms,sans-serif;\"><em><strong>Polski Czerwony Krzy\u017c na mocy ustawy o publicznej s\u0142u\u017cbie krwi nada\u0142 tytu\u0142 i odznak\u0119 Zas\u0142u\u017cony Honorowy Dawca Krwi po oddaniu 18 litr\u00f3w krwi lub 15 litr\u00f3w w przypadku pa\u0144 dla;<\/strong><\/em><\/span><\/p>\n<ol>\n<li><span style=\"font-family: comic sans ms,sans-serif;\">Jadczak Piotr<\/span><\/li>\n<li><span style=\"font-family: comic sans ms,sans-serif;\">Ignasiak Pawe\u0142<\/span><\/li>\n<li><span style=\"font-family: comic sans ms,sans-serif;\">M\u0142ynarz Dawid<\/span><\/li>\n<li><span style=\"font-family: comic sans ms,sans-serif;\">Maciejaszek \u0141ukasz<\/span><\/li>\n<li><span style=\"font-family: comic sans ms,sans-serif;\">O\u017c\u00f3g Sergiusz<\/span><\/li>\n<li><span style=\"font-family: comic sans ms,sans-serif;\">\u0141akomy Sebastian<\/span><\/li>\n<li><span style=\"font-family: comic sans ms,sans-serif;\">M\u0105czka Tomasz<\/span><\/li>\n<li><span style=\"font-family: comic sans ms,sans-serif;\">Krystek Andrzej<\/span><\/li>\n<li><span style=\"font-family: comic sans ms,sans-serif;\">Paluszkiewicz Beata<\/span><\/li>\n<li><span style=\"font-family: comic sans ms,sans-serif;\">Wale\u0144ski Zbigniew<\/span><\/li>\n<li><span style=\"font-family: comic sans ms,sans-serif;\">Kostur Mieczys\u0142aw<\/span><\/li>\n<\/ol>\n<p>&nbsp;<\/p>\n<p><span style=\"font-family: comic sans ms,sans-serif;\"><em><strong>po oddaniu 12 litr\u00f3w krwi dla m\u0119\u017cczyzna i 10 litr\u00f3w dla kobiet Polski Czerwony Krzy\u017c nada\u0142 odznak\u0119 Zas\u0142u\u017cony Honorowy Dawca Krwi dla;&#8221;<\/strong><\/em><\/span><\/p>\n<ol>\n<li><span style=\"font-family: comic sans ms,sans-serif;\">Karolczak Jakub<\/span><\/li>\n<li><span style=\"font-family: comic sans ms,sans-serif;\">Ignasiak Pawe\u0142<\/span><\/li>\n<li><span style=\"font-family: comic sans ms,sans-serif;\">Maciejaszek \u0141ukasz<\/span><\/li>\n<li><span style=\"font-family: comic sans ms,sans-serif;\">Krystek Ma\u0142gorzata<\/span><\/li>\n<li><span style=\"font-family: comic sans ms,sans-serif;\">Kotecka Karolina<\/span><\/li>\n<li><span style=\"font-family: comic sans ms,sans-serif;\">Wronka Daniel<\/span><\/li>\n<li><span style=\"font-family: comic sans ms,sans-serif;\">Krystk Andrzej<\/span><\/li>\n<li><span style=\"font-family: comic sans ms,sans-serif;\">Majchrzak Adrian<\/span><\/li>\n<li><span style=\"font-family: comic sans ms,sans-serif;\">Rafalak S\u0142awomir<\/span><\/li>\n<li><span style=\"font-family: comic sans ms,sans-serif;\">Goli\u0144skiGrzegorz<\/span><\/li>\n<li><span style=\"font-family: comic sans ms,sans-serif;\">PocztaMateusz<\/span><\/li>\n<\/ol>\n<p>&nbsp;<\/p>\n<p><span style=\"font-family: comic sans ms,sans-serif;\"><em><strong>Zas\u0142u\u017cony Honorowy Dawca Krwi po oddaniu 6 litr\u00f3w krwi panowie i 5 litr\u00f3w kobiety zosta\u0142 przyznany dla:<\/strong><\/em><\/span><\/p>\n<ol>\n<li><span style=\"font-family: comic sans ms,sans-serif;\">Jamry Zbigniew<\/span><\/li>\n<li><span style=\"font-family: comic sans ms,sans-serif;\">Karolczak Jakub<\/span><\/li>\n<li><span style=\"font-family: comic sans ms,sans-serif;\">Stachowiak Micha\u0142<\/span><\/li>\n<li><span style=\"font-family: comic sans ms,sans-serif;\">Majchrzak Adrian<\/span><\/li>\n<li><span style=\"font-family: comic sans ms,sans-serif;\">G\u0142uszek Marcin<\/span><\/li>\n<li><span style=\"font-family: comic sans ms,sans-serif;\">Marlena Poziemska-Dziergwa<\/span><\/li>\n<li><span style=\"font-family: comic sans ms,sans-serif;\">Zaremba Mateusz<\/span><\/li>\n<li><span style=\"font-family: comic sans ms,sans-serif;\">Chudy \u0141ukasz<\/span><\/li>\n<li><span style=\"font-family: comic sans ms,sans-serif;\">Zawada Karol<\/span><\/li>\n<li><span style=\"font-family: comic sans ms,sans-serif;\">W\u00f3lczy\u0144ski Przemys\u0142aw<\/span><\/li>\n<li><span style=\"font-family: comic sans ms,sans-serif;\">Dymarski Mateusz<\/span><\/li>\n<li><span style=\"font-family: comic sans ms,sans-serif;\">\u0141uczak Jaros\u0142aw<\/span><\/li>\n<li><span style=\"font-family: comic sans ms,sans-serif;\">Jarysz Bartosz<\/span><\/li>\n<li><span style=\"font-family: comic sans ms,sans-serif;\">W\u0142odarczyk Magdalena<\/span><\/li>\n<\/ol>\n<p>&nbsp;<\/p>\n<p><span style=\"font-family: comic sans ms,sans-serif;\">Odznaczeni krwiodawcy zostali obdarowani drobnym upominkiem jakie zakupi\u0142 Polski Czerwony Krzy\u017c ze \u015brodk\u00f3w z otwartego konkursu ofert Starostwa Powiatowego i Urz\u0119du Miejskiego w Krotoszynie w ten spos\u00f3b dzi\u0119kuj\u0105c krwiodawcom za to wszystko co robicie dla ludzi chorych, potrzebuj\u0105cych krew.<\/span><\/p>\n<p><span style=\"font-family: comic sans ms,sans-serif;\">Aby spotkanie przebiega\u0142o w mi\u0142ym i pogodnym klimacie szkolne Ko\u0142o Polskiego Czerwonego Krzy\u017ca z Gimnazjum nr 2 im. Miko\u0142aja Kopernika w Krotoszynie, kt\u00f3rego opiekunem jest Pani Alicja Chuda wraz z uczniami tego gimnazjum przygotowa\u0142a nam program s\u0142owno &#8211; muzyczny po\u015bwi\u0119cony tematyce honorowego krwiodawstwa,<\/span><\/p>\n<p>&nbsp;<\/p>\n<p style=\"text-align: center;\"><span style=\"color: #ff0000; font-family: comic sans ms,sans-serif;\"><strong>DZI\u0118KUJEMY !!!<\/strong><\/span><\/p>\n\n\t\t<style type=\"text\/css\">\n\t\t\t#gallery-1 {\n\t\t\t\tmargin: auto;\n\t\t\t}\n\t\t\t#gallery-1 .gallery-item {\n\t\t\t\tfloat: left;\n\t\t\t\tmargin-top: 10px;\n\t\t\t\ttext-align: center;\n\t\t\t\twidth: 33%;\n\t\t\t}\n\t\t\t#gallery-1 img {\n\t\t\t\tborder: 2px solid #cfcfcf;\n\t\t\t}\n\t\t\t#gallery-1 .gallery-caption {\n\t\t\t\tmargin-left: 0;\n\t\t\t}\n\t\t\t\/* see gallery_shortcode() in wp-includes\/media.php *\/\n\t\t<\/style>\n\t\t<div id='gallery-1' class='gallery galleryid-577 gallery-columns-3 gallery-size-thumbnail'><dl class='gallery-item'>\n\t\t\t<dt class='gallery-icon landscape'>\n\t\t\t\t<a href='http:\/\/www.pck-krotoszyn.pl\/wp-content\/uploads\/2015\/12\/Obraz-091.jpg' rel=\"lightbox[577]\"><img loading=\"lazy\" decoding=\"async\" width=\"150\" height=\"150\" src=\"http:\/\/www.pck-krotoszyn.pl\/wp-content\/uploads\/2015\/12\/Obraz-091-150x150.jpg\" class=\"attachment-thumbnail size-thumbnail\" alt=\"\" \/><\/a>\n\t\t\t<\/dt><\/dl><dl class='gallery-item'>\n\t\t\t<dt class='gallery-icon landscape'>\n\t\t\t\t<a href='http:\/\/www.pck-krotoszyn.pl\/wp-content\/uploads\/2015\/12\/Obraz-096.jpg' rel=\"lightbox[577]\"><img loading=\"lazy\" decoding=\"async\" width=\"150\" height=\"150\" src=\"http:\/\/www.pck-krotoszyn.pl\/wp-content\/uploads\/2015\/12\/Obraz-096-150x150.jpg\" class=\"attachment-thumbnail size-thumbnail\" alt=\"\" \/><\/a>\n\t\t\t<\/dt><\/dl><dl class='gallery-item'>\n\t\t\t<dt class='gallery-icon landscape'>\n\t\t\t\t<a href='http:\/\/www.pck-krotoszyn.pl\/wp-content\/uploads\/2015\/12\/Obraz-101.jpg' rel=\"lightbox[577]\"><img loading=\"lazy\" decoding=\"async\" width=\"150\" height=\"150\" src=\"http:\/\/www.pck-krotoszyn.pl\/wp-content\/uploads\/2015\/12\/Obraz-101-150x150.jpg\" class=\"attachment-thumbnail size-thumbnail\" alt=\"\" \/><\/a>\n\t\t\t<\/dt><\/dl><br style=\"clear: both\" \/><dl class='gallery-item'>\n\t\t\t<dt class='gallery-icon landscape'>\n\t\t\t\t<a href='http:\/\/www.pck-krotoszyn.pl\/wp-content\/uploads\/2015\/12\/Obraz-102.jpg' rel=\"lightbox[577]\"><img loading=\"lazy\" decoding=\"async\" width=\"150\" height=\"150\" src=\"http:\/\/www.pck-krotoszyn.pl\/wp-content\/uploads\/2015\/12\/Obraz-102-150x150.jpg\" class=\"attachment-thumbnail size-thumbnail\" alt=\"\" \/><\/a>\n\t\t\t<\/dt><\/dl><dl class='gallery-item'>\n\t\t\t<dt class='gallery-icon landscape'>\n\t\t\t\t<a href='http:\/\/www.pck-krotoszyn.pl\/wp-content\/uploads\/2015\/12\/Obraz-103.jpg' rel=\"lightbox[577]\"><img loading=\"lazy\" decoding=\"async\" width=\"150\" height=\"150\" src=\"http:\/\/www.pck-krotoszyn.pl\/wp-content\/uploads\/2015\/12\/Obraz-103-150x150.jpg\" class=\"attachment-thumbnail size-thumbnail\" alt=\"\" \/><\/a>\n\t\t\t<\/dt><\/dl><dl class='gallery-item'>\n\t\t\t<dt class='gallery-icon landscape'>\n\t\t\t\t<a href='http:\/\/www.pck-krotoszyn.pl\/wp-content\/uploads\/2015\/12\/Obraz-104.jpg' rel=\"lightbox[577]\"><img loading=\"lazy\" decoding=\"async\" width=\"150\" height=\"150\" src=\"http:\/\/www.pck-krotoszyn.pl\/wp-content\/uploads\/2015\/12\/Obraz-104-150x150.jpg\" class=\"attachment-thumbnail size-thumbnail\" alt=\"\" \/><\/a>\n\t\t\t<\/dt><\/dl><br style=\"clear: both\" \/><dl class='gallery-item'>\n\t\t\t<dt class='gallery-icon landscape'>\n\t\t\t\t<a href='http:\/\/www.pck-krotoszyn.pl\/wp-content\/uploads\/2015\/12\/Obraz-107.jpg' rel=\"lightbox[577]\"><img loading=\"lazy\" decoding=\"async\" width=\"150\" height=\"150\" src=\"http:\/\/www.pck-krotoszyn.pl\/wp-content\/uploads\/2015\/12\/Obraz-107-150x150.jpg\" class=\"attachment-thumbnail size-thumbnail\" alt=\"\" \/><\/a>\n\t\t\t<\/dt><\/dl><dl class='gallery-item'>\n\t\t\t<dt class='gallery-icon landscape'>\n\t\t\t\t<a href='http:\/\/www.pck-krotoszyn.pl\/wp-content\/uploads\/2015\/12\/Obraz-111.jpg' rel=\"lightbox[577]\"><img loading=\"lazy\" decoding=\"async\" width=\"150\" height=\"150\" src=\"http:\/\/www.pck-krotoszyn.pl\/wp-content\/uploads\/2015\/12\/Obraz-111-150x150.jpg\" class=\"attachment-thumbnail size-thumbnail\" alt=\"\" \/><\/a>\n\t\t\t<\/dt><\/dl><dl class='gallery-item'>\n\t\t\t<dt class='gallery-icon landscape'>\n\t\t\t\t<a href='http:\/\/www.pck-krotoszyn.pl\/wp-content\/uploads\/2015\/12\/Obraz-113.jpg' rel=\"lightbox[577]\"><img loading=\"lazy\" decoding=\"async\" width=\"150\" height=\"150\" src=\"http:\/\/www.pck-krotoszyn.pl\/wp-content\/uploads\/2015\/12\/Obraz-113-150x150.jpg\" class=\"attachment-thumbnail size-thumbnail\" alt=\"\" \/><\/a>\n\t\t\t<\/dt><\/dl><br style=\"clear: both\" \/><dl class='gallery-item'>\n\t\t\t<dt class='gallery-icon landscape'>\n\t\t\t\t<a href='http:\/\/www.pck-krotoszyn.pl\/wp-content\/uploads\/2015\/12\/Obraz-114.jpg' rel=\"lightbox[577]\"><img loading=\"lazy\" decoding=\"async\" width=\"150\" height=\"150\" src=\"http:\/\/www.pck-krotoszyn.pl\/wp-content\/uploads\/2015\/12\/Obraz-114-150x150.jpg\" class=\"attachment-thumbnail size-thumbnail\" alt=\"\" \/><\/a>\n\t\t\t<\/dt><\/dl><dl class='gallery-item'>\n\t\t\t<dt class='gallery-icon landscape'>\n\t\t\t\t<a href='http:\/\/www.pck-krotoszyn.pl\/wp-content\/uploads\/2015\/12\/Obraz-115.jpg' rel=\"lightbox[577]\"><img loading=\"lazy\" decoding=\"async\" width=\"150\" height=\"150\" src=\"http:\/\/www.pck-krotoszyn.pl\/wp-content\/uploads\/2015\/12\/Obraz-115-150x150.jpg\" class=\"attachment-thumbnail size-thumbnail\" alt=\"\" \/><\/a>\n\t\t\t<\/dt><\/dl><dl class='gallery-item'>\n\t\t\t<dt class='gallery-icon landscape'>\n\t\t\t\t<a href='http:\/\/www.pck-krotoszyn.pl\/wp-content\/uploads\/2015\/12\/Obraz-116.jpg' rel=\"lightbox[577]\"><img loading=\"lazy\" decoding=\"async\" width=\"150\" height=\"150\" src=\"http:\/\/www.pck-krotoszyn.pl\/wp-content\/uploads\/2015\/12\/Obraz-116-150x150.jpg\" class=\"attachment-thumbnail size-thumbnail\" alt=\"\" \/><\/a>\n\t\t\t<\/dt><\/dl><br style=\"clear: both\" \/><dl class='gallery-item'>\n\t\t\t<dt class='gallery-icon landscape'>\n\t\t\t\t<a href='http:\/\/www.pck-krotoszyn.pl\/wp-content\/uploads\/2015\/12\/Obraz-117.jpg' rel=\"lightbox[577]\"><img loading=\"lazy\" decoding=\"async\" width=\"150\" height=\"150\" src=\"http:\/\/www.pck-krotoszyn.pl\/wp-content\/uploads\/2015\/12\/Obraz-117-150x150.jpg\" class=\"attachment-thumbnail size-thumbnail\" alt=\"\" \/><\/a>\n\t\t\t<\/dt><\/dl><dl class='gallery-item'>\n\t\t\t<dt class='gallery-icon landscape'>\n\t\t\t\t<a href='http:\/\/www.pck-krotoszyn.pl\/wp-content\/uploads\/2015\/12\/Obraz-118.jpg' rel=\"lightbox[577]\"><img loading=\"lazy\" decoding=\"async\" width=\"150\" height=\"150\" src=\"http:\/\/www.pck-krotoszyn.pl\/wp-content\/uploads\/2015\/12\/Obraz-118-150x150.jpg\" class=\"attachment-thumbnail size-thumbnail\" alt=\"\" \/><\/a>\n\t\t\t<\/dt><\/dl><dl class='gallery-item'>\n\t\t\t<dt class='gallery-icon landscape'>\n\t\t\t\t<a href='http:\/\/www.pck-krotoszyn.pl\/wp-content\/uploads\/2015\/12\/Obraz-119.jpg' rel=\"lightbox[577]\"><img loading=\"lazy\" decoding=\"async\" width=\"150\" height=\"150\" src=\"http:\/\/www.pck-krotoszyn.pl\/wp-content\/uploads\/2015\/12\/Obraz-119-150x150.jpg\" class=\"attachment-thumbnail size-thumbnail\" alt=\"\" \/><\/a>\n\t\t\t<\/dt><\/dl><br style=\"clear: both\" \/><dl class='gallery-item'>\n\t\t\t<dt class='gallery-icon landscape'>\n\t\t\t\t<a href='http:\/\/www.pck-krotoszyn.pl\/wp-content\/uploads\/2015\/12\/Obraz-120.jpg' rel=\"lightbox[577]\"><img loading=\"lazy\" decoding=\"async\" width=\"150\" height=\"150\" src=\"http:\/\/www.pck-krotoszyn.pl\/wp-content\/uploads\/2015\/12\/Obraz-120-150x150.jpg\" class=\"attachment-thumbnail size-thumbnail\" alt=\"\" \/><\/a>\n\t\t\t<\/dt><\/dl><dl class='gallery-item'>\n\t\t\t<dt class='gallery-icon landscape'>\n\t\t\t\t<a href='http:\/\/www.pck-krotoszyn.pl\/wp-content\/uploads\/2015\/12\/Obraz-121.jpg' rel=\"lightbox[577]\"><img loading=\"lazy\" decoding=\"async\" width=\"150\" height=\"150\" src=\"http:\/\/www.pck-krotoszyn.pl\/wp-content\/uploads\/2015\/12\/Obraz-121-150x150.jpg\" class=\"attachment-thumbnail size-thumbnail\" alt=\"\" \/><\/a>\n\t\t\t<\/dt><\/dl><dl class='gallery-item'>\n\t\t\t<dt class='gallery-icon landscape'>\n\t\t\t\t<a href='http:\/\/www.pck-krotoszyn.pl\/wp-content\/uploads\/2015\/12\/Obraz-122.jpg' rel=\"lightbox[577]\"><img loading=\"lazy\" decoding=\"async\" width=\"150\" height=\"150\" src=\"http:\/\/www.pck-krotoszyn.pl\/wp-content\/uploads\/2015\/12\/Obraz-122-150x150.jpg\" class=\"attachment-thumbnail size-thumbnail\" alt=\"\" \/><\/a>\n\t\t\t<\/dt><\/dl><br style=\"clear: both\" \/><dl class='gallery-item'>\n\t\t\t<dt class='gallery-icon landscape'>\n\t\t\t\t<a href='http:\/\/www.pck-krotoszyn.pl\/wp-content\/uploads\/2015\/12\/Obraz-123.jpg' rel=\"lightbox[577]\"><img loading=\"lazy\" decoding=\"async\" width=\"150\" height=\"150\" src=\"http:\/\/www.pck-krotoszyn.pl\/wp-content\/uploads\/2015\/12\/Obraz-123-150x150.jpg\" class=\"attachment-thumbnail size-thumbnail\" alt=\"\" \/><\/a>\n\t\t\t<\/dt><\/dl>\n\t\t\t<br style='clear: both' \/>\n\t\t<\/div>\n\n","protected":false},"excerpt":{"rendered":"<p>Dnia 20.11.2015r. w Restauracji \u201eRatuszowa\u201dodby\u0142o si\u0119 spotkanie z okazji listopadowych Dni Honorowego Krwiodawstwa, odznaczanych krwiodawc\u00f3w z Klubu HDK PCK przy Oddziale Rejonowy PCK w Krotoszynie oraz Klubu HDK PCK przy Komendzie Powiatowej PSP w Krotoszynie. Jest to \u015bwi\u0119to wszystkich Polskich Honorowych Dawc\u00f3w Krwi, jest to czas podzi\u0119kowa\u0144. W trakcie tych obchod\u00f3w organizowane s\u0105 spotkania i [&hellip;]<\/p>\n","protected":false},"author":1,"featured_media":0,"comment_status":"closed","ping_status":"open","sticky":false,"template":"","format":"standard","meta":{"_regular_price":[],"currency_symbol":[],"footnotes":""},"categories":[11],"tags":[],"class_list":["post-577","post","type-post","status-publish","format-standard","hentry","category-wydarzenia"],"post_slider_layout_featured_media_urls":{"thumbnail":"","post_slider_layout_landscape_large":"","post_slider_layout_portrait_large":"","post_slider_layout_square_large":"","post_slider_layout_landscape":"","post_slider_layout_portrait":"","post_slider_layout_square":"","full":""},"_links":{"self":[{"href":"http:\/\/www.pck-krotoszyn.pl\/index.php?rest_route=\/wp\/v2\/posts\/577","targetHints":{"allow":["GET"]}}],"collection":[{"href":"http:\/\/www.pck-krotoszyn.pl\/index.php?rest_route=\/wp\/v2\/posts"}],"about":[{"href":"http:\/\/www.pck-krotoszyn.pl\/index.php?rest_route=\/wp\/v2\/types\/post"}],"author":[{"embeddable":true,"href":"http:\/\/www.pck-krotoszyn.pl\/index.php?rest_route=\/wp\/v2\/users\/1"}],"replies":[{"embeddable":true,"href":"http:\/\/www.pck-krotoszyn.pl\/index.php?rest_route=%2Fwp%2Fv2%2Fcomments&post=577"}],"version-history":[{"count":0,"href":"http:\/\/www.pck-krotoszyn.pl\/index.php?rest_route=\/wp\/v2\/posts\/577\/revisions"}],"wp:attachment":[{"href":"http:\/\/www.pck-krotoszyn.pl\/index.php?rest_route=%2Fwp%2Fv2%2Fmedia&parent=577"}],"wp:term":[{"taxonomy":"category","embeddable":true,"href":"http:\/\/www.pck-krotoszyn.pl\/index.php?rest_route=%2Fwp%2Fv2%2Fcategories&post=577"},{"taxonomy":"post_tag","embeddable":true,"href":"http:\/\/www.pck-krotoszyn.pl\/index.php?rest_route=%2Fwp%2Fv2%2Ftags&post=577"}],"curies":[{"name":"wp","href":"https:\/\/api.w.org\/{rel}","templated":true}]}}