{"id":665,"date":"2016-05-17T17:32:51","date_gmt":"2016-05-17T15:32:51","guid":{"rendered":"http:\/\/www.pck-krotoszyn.pl\/?p=665"},"modified":"2016-05-17T18:25:44","modified_gmt":"2016-05-17T16:25:44","slug":"powiatowe-mistrzostwa-pierwszej-pomocy-pck-szkol-ponadgimnazjalnych-krotoszyn-13-04-2016","status":"publish","type":"post","link":"http:\/\/www.pck-krotoszyn.pl\/?p=665","title":{"rendered":"POWIATOWE  MISTRZOSTWA  PIERWSZEJ POMOCY PCK SZK\u00d3\u0141 PONADGIMNAZJALNYCH \u2013 KROTOSZYN 13.04.2016"},"content":{"rendered":"<p><span style=\"color: #000000;\">Dnia\u00a0 13 kwietnia 2016 r.\u00a0 w hali sportowej Centrum Sportu i Rekreacji w Krotoszynie\u00a0 odby\u0142y si\u0119 eliminacje Powiatowych Mistrzostw Pierwszej Pomocy PCK dla szk\u00f3\u0142 ponadgimnazjalnych .<\/span><\/p>\n<p><span style=\"color: #000000;\">Organizatorami byli, Polski Czerwony Krzy\u017c Oddzia\u0142 Rejonowy w Krotoszynie i Starostwo Powiatowe w Krotoszynie oraz Komenda Powiatowa PSP w Krotoszynie.<\/span><\/p>\n<p><span style=\"color: #000000;\">Mistrzostwa polega\u0142y na rozwi\u0105zaniu testu oraz \u0107wiczeniach praktycznych, podczas kt\u00f3rych uczestnicy musieli wykaza\u0107 si\u0119 wiedz\u0105 z zakresu udzielenia pierwszej pomocy oraz kszta\u0142towania wsp\u00f3\u0142pracy w grupie.<\/span><\/p>\n<ol>\n<li><span style=\"color: #000000;\">Do szk\u00f3\u0142 zosta\u0142y rozes\u0142ane regulaminy mistrzostw oraz karty zg\u0142osze\u0144.<\/span><\/li>\n<li><span style=\"color: #000000;\">Zg\u0142oszenia potwierdzaj\u0105ce udzia\u0142 w mistrzostwach nades\u0142a\u0142y szko\u0142y ;<\/span><\/li>\n<\/ol>\n<p style=\"padding-left: 120px;\"><span style=\"font-size: 10pt;\">1.Zesp\u00f3\u0142 Szk\u00f3\u0142 Ponadgimnazjalnych nr 1 w Krotoszynie<\/span><\/p>\n<p style=\"padding-left: 120px;\"><span style=\"color: #000000; font-size: 10pt;\">2.Zesp\u00f3\u0142 Szk\u00f3\u0142 Ponadgimnazjalnych nr 2 w Krotoszynie<\/span><\/p>\n<p style=\"padding-left: 120px;\"><span style=\"color: #000000; font-size: 10pt;\">3.Zesp\u00f3\u0142 Szk\u00f3\u0142 Ponadgimnazjalnych w Zdunach<\/span><\/p>\n<p style=\"padding-left: 120px;\"><span style=\"color: #000000; font-size: 10pt;\">4.I Liceum Og\u00f3lnokszta\u0142c\u0105ce w Krotoszynie<\/span><\/p>\n<p style=\"padding-left: 120px;\"><span style=\"color: #000000; font-size: 10pt;\">5.Zasadnicza Szko\u0142a Zawodowa w Kobylinie<\/span><\/p>\n<p style=\"padding-left: 120px;\"><span style=\"color: #000000; font-size: 10pt;\">6.Zesp\u00f3\u0142 Szk\u00f3\u0142 Ponadgimnazjalnych w Ko\u017aminie Wielkopolskim<\/span><\/p>\n<ol start=\"3\">\n<ol>\n<li><span style=\"color: #000000;\">Osoby zaproszone na mistrzostwa:<\/span><span style=\"font-size: 10pt;\"><br \/>\nStarosta Krotoszy\u0144ski Stanis\u0142aw SzczotkaNaczelnik Wydzia\u0142u Spraw Obywatelskich i Zarz\u0105dzania Kryzysowego Starostwa Powiatowego\u00a0 w Krotoszynie \u2013 Andrzej Wich\u0142acz<\/span><span style=\"font-size: 10pt;\">G\u0142\u00f3wny Specjalista Wydzia\u0142u Spraw Obywatelskich i Zarz\u0105dzania Kryzysowego<\/span><br \/>\n<span style=\"font-size: 10pt;\"> Starostwa Powiatowego w Krotoszynie- Alicja Figura<\/span><\/li>\n<\/ol>\n<\/ol>\n<blockquote>\n<blockquote><p><span style=\"font-size: 10pt;\">\u00a0opiekunowie szkolnych dru\u017cyn,<\/span><\/p><\/blockquote>\n<\/blockquote>\n<ol start=\"5\">\n<li><span style=\"color: #000000;\">Zesp\u00f3\u0142 s\u0119dziowski;<\/span><\/li>\n<\/ol>\n<p style=\"padding-left: 90px;\"><span style=\"color: #000000;\">S\u0119dzia g\u0142\u00f3wny \u2013 Grzegorz Goli\u0144ski<\/span><\/p>\n<p style=\"padding-left: 90px;\"><span style=\"color: #000000;\">S\u0119dziowie na stacjach;<\/span><\/p>\n<p style=\"padding-left: 120px;\"><span style=\"color: #000000; font-size: 10pt;\">Krzysztof Marcinkowski<br \/>\nBartosz G\u00f3rka<br \/>\n\u0141ukasz Wyduba<br \/>\nDawid Bartkowiak<br \/>\nMateusz Dymarski<br \/>\nPiotr Niskiewicz<\/span><\/p>\n<ol start=\"6\">\n<li><span style=\"color: #000000;\">Po podsumowaniu tabeli ocen pierwsze miejsce:<\/span><\/li>\n<\/ol>\n<p><span style=\"color: #ff0000;\">&#8211; I miejsce zaj\u0119\u0142a dru\u017cyna z Zesp\u00f3\u0142 Szk\u00f3\u0142 Ponadgimnazjalnych w Ko\u017aminie Wielkopolskim<\/span><\/p>\n<p><span style=\"color: #000000;\">Sk\u0142ad dru\u017cyny;<\/span><\/p>\n<ol>\n<li><span style=\"color: #000000; font-size: 10pt;\">Angelika Zych<\/span><\/li>\n<li><span style=\"color: #000000; font-size: 10pt;\">Patrycja Nowicka<\/span><\/li>\n<li><span style=\"color: #000000; font-size: 10pt;\">Patryk Jakubek<\/span><\/li>\n<li><span style=\"color: #000000; font-size: 10pt;\">Wojciech Serek<\/span><\/li>\n<li><span style=\"color: #000000; font-size: 10pt;\">Renato Waszkiewicz<\/span><\/li>\n<\/ol>\n<p><span style=\"color: #000000;\">Opiekunem dru\u017cyny by\u0142 Pan Karol Ratajczyk<\/span><\/p>\n<p><span style=\"color: #000000;\">&#8211; <span style=\"color: #ff0000;\">II miejsce\u00a0 zaj\u0119\u0142a dru\u017cyna z Zespo\u0142u Szk\u00f3\u0142 Ponadgimnazjalnych nr 1 w Krotoszynie<\/span>\u00a0 \u2013 opiekunem dru\u017cyny by\u0142a Pani Katarzyna Talarczyk<\/span><\/p>\n<p><span style=\"color: #000000;\">Sk\u0142ad dru\u017cyny;<\/span><\/p>\n<ol>\n<li><span style=\"color: #000000; font-size: 10pt;\">Sebastian Panek<\/span><\/li>\n<li><span style=\"color: #000000; font-size: 10pt;\">Jacek Cierniewski<\/span><\/li>\n<li><span style=\"color: #000000; font-size: 10pt;\">Zbigniew Szymczak<\/span><\/li>\n<li><span style=\"color: #000000; font-size: 10pt;\">Piotr Bujakiewicz<\/span><\/li>\n<li><span style=\"color: #000000; font-size: 10pt;\">Daniel Demaj<\/span><\/li>\n<\/ol>\n<p><span style=\"color: #000000;\">&#8211;\u00a0 <span style=\"color: #ff0000;\">III miejsce\u00a0 zaj\u0119\u0142a dru\u017cyna z Zespo\u0142u Szk\u00f3l Ponadgimnazjalnych w Ko\u017aminie Wielkopolskim I<\/span> \u2013 opiekunem dru\u017cyny by\u0142 a Pani Patrycja Kruszczy\u0144ska<\/span><\/p>\n<p><span style=\"color: #000000;\">Sk\u0142ad dru\u017cyny;<\/span><\/p>\n<ol>\n<li><span style=\"color: #000000; font-size: 10pt;\">Klaudia Sosnowska<\/span><\/li>\n<li><span style=\"color: #000000; font-size: 10pt;\">Sandra Wo\u0142kowska<\/span><\/li>\n<li><span style=\"color: #000000; font-size: 10pt;\">Weronika Karwik<\/span><\/li>\n<li><span style=\"color: #000000; font-size: 10pt;\">Oliwier Smoliga<\/span><\/li>\n<li><span style=\"color: #000000; font-size: 10pt;\">Piotr Matyba<\/span><\/li>\n<\/ol>\n<p><span style=\"color: #000000;\">&#8211; <span style=\"color: #ff0000;\">IV miejsce \u2013 Zesp\u00f3\u0142 Szk\u00f3\u0142 zawodowych w Kobylinie<\/span><\/span><\/p>\n<p><span style=\"color: #000000;\">&#8211; <span style=\"color: #ff0000;\">V miejsce \u2013 Zesp\u00f3\u0142 Szk\u00f3\u0142 Ponadgimnazjalnych nr 2 w Krotoszynie<\/span><\/span><\/p>\n<p><span style=\"color: #000000;\">&#8211; <span style=\"color: #ff0000;\">VI miejsce \u2013 I Liceum Og\u00f3lnokszta\u0142c\u0105ce w Krotoszynie<\/span><\/span><\/p>\n<p><span style=\"color: #000000;\">Zwyci\u0119ska dru\u017cyna zdoby\u0142a puchar Starosty Krotoszy\u0144skiego Szefa Obrony Cywilnej Powiatu \u2013 Stanis\u0142awa Szczotki , dru\u017cyna, kt\u00f3ra zaj\u0119\u0142a II i III otrzyma\u0142a puchary ufundowane przez Odzia\u0142 Rejonowy Polskiego Czerwonego Krzy\u017ca w Krotoszynie.\u00a0 Pozosta\u0142e dru\u017cyny otrzyma\u0142y dyplomy ,statuetki ufundowane przez Starost\u0119 Krotoszy\u0144skiego.<\/span><\/p>\n<p><span style=\"color: #000000;\">. Opiekunom i s\u0119dziom wr\u0119czono podzi\u0119kowania za pomoc w przygotowaniu i przeprowadzeniu tegorocznych powiatowych eliminacji PCK.<\/span><\/p>\n<p><span style=\"color: #000000;\">Dru\u017cyna zwyci\u0119ska we\u017amie udzia\u0142 w mistrzostwach wojew\u00f3dzkich, kt\u00f3re odb\u0119d\u0105 si\u0119 w miesi\u0105cu maju.<\/span><\/p>\n\n\t\t<style type=\"text\/css\">\n\t\t\t#gallery-1 {\n\t\t\t\tmargin: auto;\n\t\t\t}\n\t\t\t#gallery-1 .gallery-item {\n\t\t\t\tfloat: left;\n\t\t\t\tmargin-top: 10px;\n\t\t\t\ttext-align: center;\n\t\t\t\twidth: 33%;\n\t\t\t}\n\t\t\t#gallery-1 img {\n\t\t\t\tborder: 2px solid #cfcfcf;\n\t\t\t}\n\t\t\t#gallery-1 .gallery-caption {\n\t\t\t\tmargin-left: 0;\n\t\t\t}\n\t\t\t\/* see gallery_shortcode() in wp-includes\/media.php *\/\n\t\t<\/style>\n\t\t<div id='gallery-1' class='gallery galleryid-665 gallery-columns-3 gallery-size-thumbnail'><dl class='gallery-item'>\n\t\t\t<dt class='gallery-icon landscape'>\n\t\t\t\t<a href='http:\/\/www.pck-krotoszyn.pl\/?attachment_id=685'><img loading=\"lazy\" decoding=\"async\" width=\"150\" height=\"150\" src=\"http:\/\/www.pck-krotoszyn.pl\/wp-content\/uploads\/2016\/05\/Pierwsza_pomoc0020-150x150.jpg\" class=\"attachment-thumbnail size-thumbnail\" alt=\"\" \/><\/a>\n\t\t\t<\/dt><\/dl><dl class='gallery-item'>\n\t\t\t<dt class='gallery-icon landscape'>\n\t\t\t\t<a href='http:\/\/www.pck-krotoszyn.pl\/?attachment_id=684'><img loading=\"lazy\" decoding=\"async\" width=\"150\" height=\"150\" src=\"http:\/\/www.pck-krotoszyn.pl\/wp-content\/uploads\/2016\/05\/Pierwsza_pomoc0019-150x150.jpg\" class=\"attachment-thumbnail size-thumbnail\" alt=\"\" \/><\/a>\n\t\t\t<\/dt><\/dl><dl class='gallery-item'>\n\t\t\t<dt class='gallery-icon landscape'>\n\t\t\t\t<a href='http:\/\/www.pck-krotoszyn.pl\/?attachment_id=683'><img loading=\"lazy\" decoding=\"async\" width=\"150\" height=\"150\" src=\"http:\/\/www.pck-krotoszyn.pl\/wp-content\/uploads\/2016\/05\/Pierwsza_pomoc0018-150x150.jpg\" class=\"attachment-thumbnail size-thumbnail\" alt=\"\" \/><\/a>\n\t\t\t<\/dt><\/dl><br style=\"clear: both\" \/><dl class='gallery-item'>\n\t\t\t<dt class='gallery-icon landscape'>\n\t\t\t\t<a href='http:\/\/www.pck-krotoszyn.pl\/?attachment_id=682'><img loading=\"lazy\" decoding=\"async\" width=\"150\" height=\"150\" src=\"http:\/\/www.pck-krotoszyn.pl\/wp-content\/uploads\/2016\/05\/Pierwsza_pomoc0017-150x150.jpg\" class=\"attachment-thumbnail size-thumbnail\" alt=\"\" \/><\/a>\n\t\t\t<\/dt><\/dl><dl class='gallery-item'>\n\t\t\t<dt class='gallery-icon landscape'>\n\t\t\t\t<a href='http:\/\/www.pck-krotoszyn.pl\/?attachment_id=681'><img loading=\"lazy\" decoding=\"async\" width=\"150\" height=\"150\" src=\"http:\/\/www.pck-krotoszyn.pl\/wp-content\/uploads\/2016\/05\/Pierwsza_pomoc0016-150x150.jpg\" class=\"attachment-thumbnail size-thumbnail\" alt=\"\" \/><\/a>\n\t\t\t<\/dt><\/dl><dl class='gallery-item'>\n\t\t\t<dt class='gallery-icon landscape'>\n\t\t\t\t<a href='http:\/\/www.pck-krotoszyn.pl\/?attachment_id=680'><img loading=\"lazy\" decoding=\"async\" width=\"150\" height=\"150\" src=\"http:\/\/www.pck-krotoszyn.pl\/wp-content\/uploads\/2016\/05\/Pierwsza_pomoc0015-150x150.jpg\" class=\"attachment-thumbnail size-thumbnail\" alt=\"\" \/><\/a>\n\t\t\t<\/dt><\/dl><br style=\"clear: both\" \/><dl class='gallery-item'>\n\t\t\t<dt class='gallery-icon landscape'>\n\t\t\t\t<a href='http:\/\/www.pck-krotoszyn.pl\/?attachment_id=679'><img loading=\"lazy\" decoding=\"async\" width=\"150\" height=\"150\" src=\"http:\/\/www.pck-krotoszyn.pl\/wp-content\/uploads\/2016\/05\/Pierwsza_pomoc0014-150x150.jpg\" class=\"attachment-thumbnail size-thumbnail\" alt=\"\" \/><\/a>\n\t\t\t<\/dt><\/dl><dl class='gallery-item'>\n\t\t\t<dt class='gallery-icon landscape'>\n\t\t\t\t<a href='http:\/\/www.pck-krotoszyn.pl\/?attachment_id=678'><img loading=\"lazy\" decoding=\"async\" width=\"150\" height=\"150\" src=\"http:\/\/www.pck-krotoszyn.pl\/wp-content\/uploads\/2016\/05\/Pierwsza_pomoc0013-150x150.jpg\" class=\"attachment-thumbnail size-thumbnail\" alt=\"\" \/><\/a>\n\t\t\t<\/dt><\/dl><dl class='gallery-item'>\n\t\t\t<dt class='gallery-icon landscape'>\n\t\t\t\t<a href='http:\/\/www.pck-krotoszyn.pl\/?attachment_id=677'><img loading=\"lazy\" decoding=\"async\" width=\"150\" height=\"150\" src=\"http:\/\/www.pck-krotoszyn.pl\/wp-content\/uploads\/2016\/05\/Pierwsza_pomoc0012-150x150.jpg\" class=\"attachment-thumbnail size-thumbnail\" alt=\"\" \/><\/a>\n\t\t\t<\/dt><\/dl><br style=\"clear: both\" \/><dl class='gallery-item'>\n\t\t\t<dt class='gallery-icon landscape'>\n\t\t\t\t<a href='http:\/\/www.pck-krotoszyn.pl\/?attachment_id=676'><img loading=\"lazy\" decoding=\"async\" width=\"150\" height=\"150\" src=\"http:\/\/www.pck-krotoszyn.pl\/wp-content\/uploads\/2016\/05\/Pierwsza_pomoc0011-150x150.jpg\" class=\"attachment-thumbnail size-thumbnail\" alt=\"\" \/><\/a>\n\t\t\t<\/dt><\/dl><dl class='gallery-item'>\n\t\t\t<dt class='gallery-icon portrait'>\n\t\t\t\t<a href='http:\/\/www.pck-krotoszyn.pl\/?attachment_id=675'><img loading=\"lazy\" decoding=\"async\" width=\"150\" height=\"150\" src=\"http:\/\/www.pck-krotoszyn.pl\/wp-content\/uploads\/2016\/05\/Pierwsza_pomoc0010-150x150.jpg\" class=\"attachment-thumbnail size-thumbnail\" alt=\"\" \/><\/a>\n\t\t\t<\/dt><\/dl><dl class='gallery-item'>\n\t\t\t<dt class='gallery-icon landscape'>\n\t\t\t\t<a href='http:\/\/www.pck-krotoszyn.pl\/?attachment_id=674'><img loading=\"lazy\" decoding=\"async\" width=\"150\" height=\"150\" src=\"http:\/\/www.pck-krotoszyn.pl\/wp-content\/uploads\/2016\/05\/Pierwsza_pomoc0009-150x150.jpg\" class=\"attachment-thumbnail size-thumbnail\" alt=\"\" \/><\/a>\n\t\t\t<\/dt><\/dl><br style=\"clear: both\" \/><dl class='gallery-item'>\n\t\t\t<dt class='gallery-icon landscape'>\n\t\t\t\t<a href='http:\/\/www.pck-krotoszyn.pl\/?attachment_id=673'><img loading=\"lazy\" decoding=\"async\" width=\"150\" height=\"150\" src=\"http:\/\/www.pck-krotoszyn.pl\/wp-content\/uploads\/2016\/05\/Pierwsza_pomoc0008-150x150.jpg\" class=\"attachment-thumbnail size-thumbnail\" alt=\"\" \/><\/a>\n\t\t\t<\/dt><\/dl><dl class='gallery-item'>\n\t\t\t<dt class='gallery-icon landscape'>\n\t\t\t\t<a href='http:\/\/www.pck-krotoszyn.pl\/?attachment_id=672'><img loading=\"lazy\" decoding=\"async\" width=\"150\" height=\"150\" src=\"http:\/\/www.pck-krotoszyn.pl\/wp-content\/uploads\/2016\/05\/Pierwsza_pomoc0007-150x150.jpg\" class=\"attachment-thumbnail size-thumbnail\" alt=\"\" \/><\/a>\n\t\t\t<\/dt><\/dl><dl class='gallery-item'>\n\t\t\t<dt class='gallery-icon landscape'>\n\t\t\t\t<a href='http:\/\/www.pck-krotoszyn.pl\/?attachment_id=671'><img loading=\"lazy\" decoding=\"async\" width=\"150\" height=\"150\" src=\"http:\/\/www.pck-krotoszyn.pl\/wp-content\/uploads\/2016\/05\/Pierwsza_pomoc0006-150x150.jpg\" class=\"attachment-thumbnail size-thumbnail\" alt=\"\" \/><\/a>\n\t\t\t<\/dt><\/dl><br style=\"clear: both\" \/><dl class='gallery-item'>\n\t\t\t<dt class='gallery-icon landscape'>\n\t\t\t\t<a href='http:\/\/www.pck-krotoszyn.pl\/?attachment_id=670'><img loading=\"lazy\" decoding=\"async\" width=\"150\" height=\"150\" src=\"http:\/\/www.pck-krotoszyn.pl\/wp-content\/uploads\/2016\/05\/Pierwsza_pomoc0005-150x150.jpg\" class=\"attachment-thumbnail size-thumbnail\" alt=\"\" \/><\/a>\n\t\t\t<\/dt><\/dl><dl class='gallery-item'>\n\t\t\t<dt class='gallery-icon landscape'>\n\t\t\t\t<a href='http:\/\/www.pck-krotoszyn.pl\/?attachment_id=669'><img loading=\"lazy\" decoding=\"async\" width=\"150\" height=\"150\" src=\"http:\/\/www.pck-krotoszyn.pl\/wp-content\/uploads\/2016\/05\/Pierwsza_pomoc0004-150x150.jpg\" class=\"attachment-thumbnail size-thumbnail\" alt=\"\" \/><\/a>\n\t\t\t<\/dt><\/dl><dl class='gallery-item'>\n\t\t\t<dt class='gallery-icon landscape'>\n\t\t\t\t<a href='http:\/\/www.pck-krotoszyn.pl\/?attachment_id=668'><img loading=\"lazy\" decoding=\"async\" width=\"150\" height=\"150\" src=\"http:\/\/www.pck-krotoszyn.pl\/wp-content\/uploads\/2016\/05\/Pierwsza_pomoc0003-150x150.jpg\" class=\"attachment-thumbnail size-thumbnail\" alt=\"\" \/><\/a>\n\t\t\t<\/dt><\/dl><br style=\"clear: both\" \/><dl class='gallery-item'>\n\t\t\t<dt class='gallery-icon landscape'>\n\t\t\t\t<a href='http:\/\/www.pck-krotoszyn.pl\/?attachment_id=667'><img loading=\"lazy\" decoding=\"async\" width=\"150\" height=\"150\" src=\"http:\/\/www.pck-krotoszyn.pl\/wp-content\/uploads\/2016\/05\/Pierwsza_pomoc0002-150x150.jpg\" class=\"attachment-thumbnail size-thumbnail\" alt=\"\" \/><\/a>\n\t\t\t<\/dt><\/dl><dl class='gallery-item'>\n\t\t\t<dt class='gallery-icon landscape'>\n\t\t\t\t<a href='http:\/\/www.pck-krotoszyn.pl\/?attachment_id=666'><img loading=\"lazy\" decoding=\"async\" width=\"150\" height=\"150\" src=\"http:\/\/www.pck-krotoszyn.pl\/wp-content\/uploads\/2016\/05\/Pierwsza_pomoc0001-150x150.jpg\" class=\"attachment-thumbnail size-thumbnail\" alt=\"\" \/><\/a>\n\t\t\t<\/dt><\/dl>\n\t\t\t<br style='clear: both' \/>\n\t\t<\/div>\n\n","protected":false},"excerpt":{"rendered":"<p>Dnia\u00a0 13 kwietnia 2016 r.\u00a0 w hali sportowej Centrum Sportu i Rekreacji w Krotoszynie\u00a0 odby\u0142y si\u0119 eliminacje Powiatowych Mistrzostw Pierwszej Pomocy PCK dla szk\u00f3\u0142 ponadgimnazjalnych . Organizatorami byli, Polski Czerwony Krzy\u017c Oddzia\u0142 Rejonowy w Krotoszynie i Starostwo Powiatowe w Krotoszynie oraz Komenda Powiatowa PSP w Krotoszynie. Mistrzostwa polega\u0142y na rozwi\u0105zaniu testu oraz \u0107wiczeniach praktycznych, podczas [&hellip;]<\/p>\n","protected":false},"author":1,"featured_media":0,"comment_status":"closed","ping_status":"open","sticky":false,"template":"","format":"standard","meta":{"_regular_price":[],"currency_symbol":[],"footnotes":""},"categories":[11],"tags":[],"class_list":["post-665","post","type-post","status-publish","format-standard","hentry","category-wydarzenia"],"post_slider_layout_featured_media_urls":{"thumbnail":"","post_slider_layout_landscape_large":"","post_slider_layout_portrait_large":"","post_slider_layout_square_large":"","post_slider_layout_landscape":"","post_slider_layout_portrait":"","post_slider_layout_square":"","full":""},"_links":{"self":[{"href":"http:\/\/www.pck-krotoszyn.pl\/index.php?rest_route=\/wp\/v2\/posts\/665","targetHints":{"allow":["GET"]}}],"collection":[{"href":"http:\/\/www.pck-krotoszyn.pl\/index.php?rest_route=\/wp\/v2\/posts"}],"about":[{"href":"http:\/\/www.pck-krotoszyn.pl\/index.php?rest_route=\/wp\/v2\/types\/post"}],"author":[{"embeddable":true,"href":"http:\/\/www.pck-krotoszyn.pl\/index.php?rest_route=\/wp\/v2\/users\/1"}],"replies":[{"embeddable":true,"href":"http:\/\/www.pck-krotoszyn.pl\/index.php?rest_route=%2Fwp%2Fv2%2Fcomments&post=665"}],"version-history":[{"count":0,"href":"http:\/\/www.pck-krotoszyn.pl\/index.php?rest_route=\/wp\/v2\/posts\/665\/revisions"}],"wp:attachment":[{"href":"http:\/\/www.pck-krotoszyn.pl\/index.php?rest_route=%2Fwp%2Fv2%2Fmedia&parent=665"}],"wp:term":[{"taxonomy":"category","embeddable":true,"href":"http:\/\/www.pck-krotoszyn.pl\/index.php?rest_route=%2Fwp%2Fv2%2Fcategories&post=665"},{"taxonomy":"post_tag","embeddable":true,"href":"http:\/\/www.pck-krotoszyn.pl\/index.php?rest_route=%2Fwp%2Fv2%2Ftags&post=665"}],"curies":[{"name":"wp","href":"https:\/\/api.w.org\/{rel}","templated":true}]}}